{"id":2735,"date":"2020-10-20T09:26:54","date_gmt":"2020-10-20T11:26:54","guid":{"rendered":"https:\/\/www.ftsementes.com.br\/?p=2735"},"modified":"2020-11-05T10:05:30","modified_gmt":"2020-11-05T12:05:30","slug":"ftr-4153-ipro-abertura-da-semeadura-no-rs","status":"publish","type":"post","link":"https:\/\/www.ftsementes.com.br\/?p=2735","title":{"rendered":"FTR 4153 IPRO &#8211; abertura da semeadura no RS"},"content":{"rendered":"\t\t<div data-elementor-type=\"wp-post\" data-elementor-id=\"2735\" class=\"elementor elementor-2735\">\n\t\t\t\t\t\t<section class=\"elementor-section elementor-top-section elementor-element elementor-element-550cded7 elementor-section-boxed elementor-section-height-default elementor-section-height-default\" data-id=\"550cded7\" data-element_type=\"section\" data-e-type=\"section\">\n\t\t\t\t\t\t<div class=\"elementor-container elementor-column-gap-default\">\n\t\t\t\t\t<div class=\"elementor-column elementor-col-25 elementor-top-column elementor-element elementor-element-7b3be400 elementor-invisible\" data-id=\"7b3be400\" data-element_type=\"column\" data-e-type=\"column\" data-settings=\"{&quot;animation&quot;:&quot;fadeIn&quot;}\">\n\t\t\t<div class=\"elementor-widget-wrap elementor-element-populated\">\n\t\t\t\t\t\t<div class=\"elementor-element elementor-element-2f8c4e55 elementor-widget elementor-widget-text-editor\" data-id=\"2f8c4e55\" data-element_type=\"widget\" data-e-type=\"widget\" data-widget_type=\"text-editor.default\">\n\t\t\t\t<div class=\"elementor-widget-container\">\n\t\t\t\t\t\t\t\t\t<h2 style=\"text-align: center;\"><a href=\"https:\/\/www.ftsementes.com.br\/?page_id=192\">Novidades<\/a><\/h2>\t\t\t\t\t\t\t\t<\/div>\n\t\t\t\t<\/div>\n\t\t\t\t\t<\/div>\n\t\t<\/div>\n\t\t\t\t<div class=\"elementor-column elementor-col-25 elementor-top-column elementor-element elementor-element-34d2d9e5\" data-id=\"34d2d9e5\" data-element_type=\"column\" data-e-type=\"column\">\n\t\t\t<div class=\"elementor-widget-wrap elementor-element-populated\">\n\t\t\t\t\t\t<div class=\"elementor-element elementor-element-2f863453 elementor-hidden-tablet elementor-hidden-phone elementor-view-default elementor-widget elementor-widget-icon\" data-id=\"2f863453\" data-element_type=\"widget\" data-e-type=\"widget\" data-widget_type=\"icon.default\">\n\t\t\t\t<div class=\"elementor-widget-container\">\n\t\t\t\t\t\t\t<div class=\"elementor-icon-wrapper\">\n\t\t\t<a class=\"elementor-icon\" href=\"http:\/\/instagr.am\/ftsementes\">\n\t\t\t<i aria-hidden=\"true\" class=\"fab fa-instagram\"><\/i>\t\t\t<\/a>\n\t\t<\/div>\n\t\t\t\t\t\t<\/div>\n\t\t\t\t<\/div>\n\t\t\t\t\t<\/div>\n\t\t<\/div>\n\t\t\t\t<div class=\"elementor-column elementor-col-25 elementor-top-column elementor-element elementor-element-12109e94\" data-id=\"12109e94\" data-element_type=\"column\" data-e-type=\"column\">\n\t\t\t<div class=\"elementor-widget-wrap elementor-element-populated\">\n\t\t\t\t\t\t<div class=\"elementor-element elementor-element-49a80571 elementor-hidden-tablet elementor-hidden-phone elementor-view-default elementor-widget elementor-widget-icon\" data-id=\"49a80571\" data-element_type=\"widget\" data-e-type=\"widget\" data-widget_type=\"icon.default\">\n\t\t\t\t<div class=\"elementor-widget-container\">\n\t\t\t\t\t\t\t<div class=\"elementor-icon-wrapper\">\n\t\t\t<a class=\"elementor-icon\" href=\"https:\/\/fb.me\/FTSementesSoja\">\n\t\t\t<i aria-hidden=\"true\" class=\"fab fa-facebook\"><\/i>\t\t\t<\/a>\n\t\t<\/div>\n\t\t\t\t\t\t<\/div>\n\t\t\t\t<\/div>\n\t\t\t\t\t<\/div>\n\t\t<\/div>\n\t\t\t\t<div class=\"elementor-column elementor-col-25 elementor-top-column elementor-element elementor-element-6ea4e2ae\" data-id=\"6ea4e2ae\" data-element_type=\"column\" data-e-type=\"column\">\n\t\t\t<div class=\"elementor-widget-wrap elementor-element-populated\">\n\t\t\t\t\t\t<div class=\"elementor-element elementor-element-742ed5ad elementor-hidden-tablet elementor-hidden-phone elementor-view-default elementor-widget elementor-widget-icon\" data-id=\"742ed5ad\" data-element_type=\"widget\" data-e-type=\"widget\" data-widget_type=\"icon.default\">\n\t\t\t\t<div class=\"elementor-widget-container\">\n\t\t\t\t\t\t\t<div class=\"elementor-icon-wrapper\">\n\t\t\t<a class=\"elementor-icon\" href=\"https:\/\/www.youtube.com\/channel\/UCKWU15CsZC-c99xzSTJ636A\">\n\t\t\t<i aria-hidden=\"true\" class=\"fab fa-youtube\"><\/i>\t\t\t<\/a>\n\t\t<\/div>\n\t\t\t\t\t\t<\/div>\n\t\t\t\t<\/div>\n\t\t\t\t\t<\/div>\n\t\t<\/div>\n\t\t\t\t\t<\/div>\n\t\t<\/section>\n\t\t\t\t<section class=\"elementor-section elementor-top-section elementor-element elementor-element-258f6427 elementor-section-boxed elementor-section-height-default elementor-section-height-default\" data-id=\"258f6427\" data-element_type=\"section\" data-e-type=\"section\">\n\t\t\t\t\t\t<div class=\"elementor-container elementor-column-gap-default\">\n\t\t\t\t\t<div class=\"elementor-column elementor-col-100 elementor-top-column elementor-element elementor-element-26e03d5e\" data-id=\"26e03d5e\" data-element_type=\"column\" data-e-type=\"column\">\n\t\t\t<div class=\"elementor-widget-wrap elementor-element-populated\">\n\t\t\t\t\t\t<div class=\"elementor-element elementor-element-44f66398 elementor-widget-divider--view-line elementor-widget elementor-widget-divider\" data-id=\"44f66398\" data-element_type=\"widget\" data-e-type=\"widget\" data-widget_type=\"divider.default\">\n\t\t\t\t<div class=\"elementor-widget-container\">\n\t\t\t\t\t\t\t<div class=\"elementor-divider\">\n\t\t\t<span class=\"elementor-divider-separator\">\n\t\t\t\t\t\t<\/span>\n\t\t<\/div>\n\t\t\t\t\t\t<\/div>\n\t\t\t\t<\/div>\n\t\t\t\t<div class=\"elementor-element elementor-element-631279ae elementor-widget elementor-widget-heading\" data-id=\"631279ae\" data-element_type=\"widget\" data-e-type=\"widget\" data-widget_type=\"heading.default\">\n\t\t\t\t<div class=\"elementor-widget-container\">\n\t\t\t\t\t<h3 class=\"elementor-heading-title elementor-size-default\">FTR 4153 IPRO marca a abertura da semeadura da soja no Rio Grande do Sul<\/h3>\t\t\t\t<\/div>\n\t\t\t\t<\/div>\n\t\t\t\t\t<\/div>\n\t\t<\/div>\n\t\t\t\t\t<\/div>\n\t\t<\/section>\n\t\t\t\t<section class=\"elementor-section elementor-top-section elementor-element elementor-element-1608e808 elementor-section-boxed elementor-section-height-default elementor-section-height-default\" data-id=\"1608e808\" data-element_type=\"section\" data-e-type=\"section\">\n\t\t\t\t\t\t<div class=\"elementor-container elementor-column-gap-default\">\n\t\t\t\t\t<div class=\"elementor-column elementor-col-50 elementor-top-column elementor-element elementor-element-c10e3a9\" data-id=\"c10e3a9\" data-element_type=\"column\" data-e-type=\"column\">\n\t\t\t<div class=\"elementor-widget-wrap elementor-element-populated\">\n\t\t\t\t\t\t<div class=\"elementor-element elementor-element-2b7d554 elementor-widget elementor-widget-text-editor\" data-id=\"2b7d554\" data-element_type=\"widget\" data-e-type=\"widget\" data-widget_type=\"text-editor.default\">\n\t\t\t\t<div class=\"elementor-widget-container\">\n\t\t\t\t\t\t\t\t\t<p><strong>Cultivar precoce oportuniza duas safras na mesma \u00e1rea.<\/strong><\/p><p>Os sojicultores do <strong>Rio Grande do Sul<\/strong>, tradicionalmente, come\u00e7am a semeadura da soja em meados de outubro. Em algumas regi\u00f5es esse per\u00edodo tem sido antecipado, gra\u00e7as a evolu\u00e7\u00e3o gen\u00e9tica das cultivares de soja, com ciclos mais curtos, oportunizando o produtor fazer duas safras, como por exemplo, ap\u00f3s a colheita da soja, semear o milho safrinha.<br \/>O consultor de vendas e propriet\u00e1rio da Agrof\u00e9rtil, <strong>Charles Rohr<\/strong>, explica que em <strong>Boa Vista da Buric\u00e1<\/strong> foi plantada uma \u00e1rea de 14 hectares, da<strong> FTR 4153 IPRO,<\/strong> no dia 24 de setembro.<br \/><strong><em>\u201cA emerg\u00eancia se deu a partir do dia 30 de setembro, fizemos v\u00e1rias contagem, sendo que tivemos uma m\u00e9dia de 17.8 plantas nascidas, isso comprova o vigor e a germina\u00e7\u00e3o da semente\u201d<\/em><\/strong>, ressalta.<br \/>O potencial produtivo num curto tempo da <strong>FTR 4153 IPRO<\/strong>, tem chamado a aten\u00e7\u00e3o dos sojicultores do solo ga\u00facho.<em><strong> \u201cEscolhemos a 4153, porque \u00e9 uma cultivar que tem tudo: rusticidade, estabilidade, resist\u00eancia, sistema radicular agressivo e o mais importante, \u00e9 produtiva<\/strong><\/em>\u201d, afirma Charles.<\/p>\t\t\t\t\t\t\t\t<\/div>\n\t\t\t\t<\/div>\n\t\t\t\t\t<\/div>\n\t\t<\/div>\n\t\t\t\t<div class=\"elementor-column elementor-col-50 elementor-top-column elementor-element elementor-element-15054620\" data-id=\"15054620\" data-element_type=\"column\" data-e-type=\"column\">\n\t\t\t<div class=\"elementor-widget-wrap elementor-element-populated\">\n\t\t\t\t\t\t<div class=\"elementor-element elementor-element-7396af27 elementor-widget elementor-widget-image\" data-id=\"7396af27\" data-element_type=\"widget\" data-e-type=\"widget\" data-widget_type=\"image.default\">\n\t\t\t\t<div class=\"elementor-widget-container\">\n\t\t\t\t\t\t\t\t\t\t\t\t\t\t\t<img decoding=\"async\" src=\"https:\/\/www.ftsementes.com.br\/wp-content\/uploads\/elementor\/thumbs\/ab-ox56r7fduv6u5tkalnaad6ka60cm8t2knt17hgoel0.png\" title=\"ab\" alt=\"ab\" loading=\"lazy\" \/>\t\t\t\t\t\t\t\t\t\t\t\t\t\t\t<\/div>\n\t\t\t\t<\/div>\n\t\t\t\t\t<\/div>\n\t\t<\/div>\n\t\t\t\t\t<\/div>\n\t\t<\/section>\n\t\t\t\t<section class=\"elementor-section elementor-top-section elementor-element elementor-element-51597783 elementor-section-boxed elementor-section-height-default elementor-section-height-default\" data-id=\"51597783\" data-element_type=\"section\" data-e-type=\"section\">\n\t\t\t\t\t\t<div class=\"elementor-container elementor-column-gap-default\">\n\t\t\t\t\t<div class=\"elementor-column elementor-col-100 elementor-top-column elementor-element elementor-element-245a38aa\" data-id=\"245a38aa\" data-element_type=\"column\" data-e-type=\"column\">\n\t\t\t<div class=\"elementor-widget-wrap elementor-element-populated\">\n\t\t\t\t\t\t<div class=\"elementor-element elementor-element-ae486c9 elementor-widget elementor-widget-spacer\" data-id=\"ae486c9\" data-element_type=\"widget\" data-e-type=\"widget\" data-widget_type=\"spacer.default\">\n\t\t\t\t<div class=\"elementor-widget-container\">\n\t\t\t\t\t\t\t<div class=\"elementor-spacer\">\n\t\t\t<div class=\"elementor-spacer-inner\"><\/div>\n\t\t<\/div>\n\t\t\t\t\t\t<\/div>\n\t\t\t\t<\/div>\n\t\t\t\t\t<\/div>\n\t\t<\/div>\n\t\t\t\t\t<\/div>\n\t\t<\/section>\n\t\t\t\t<section class=\"elementor-section elementor-top-section elementor-element elementor-element-3e6f0458 elementor-section-boxed elementor-section-height-default elementor-section-height-default\" data-id=\"3e6f0458\" data-element_type=\"section\" data-e-type=\"section\">\n\t\t\t\t\t\t<div class=\"elementor-container elementor-column-gap-default\">\n\t\t\t\t\t<div class=\"elementor-column elementor-col-20 elementor-top-column elementor-element elementor-element-5d0126cd\" data-id=\"5d0126cd\" data-element_type=\"column\" data-e-type=\"column\">\n\t\t\t<div class=\"elementor-widget-wrap\">\n\t\t\t\t\t\t\t<\/div>\n\t\t<\/div>\n\t\t\t\t<div class=\"elementor-column elementor-col-20 elementor-top-column elementor-element elementor-element-1fa1021c\" data-id=\"1fa1021c\" data-element_type=\"column\" data-e-type=\"column\">\n\t\t\t<div class=\"elementor-widget-wrap elementor-element-populated\">\n\t\t\t\t\t\t<div class=\"elementor-element elementor-element-35f983c2 elementor-view-default elementor-widget elementor-widget-icon\" data-id=\"35f983c2\" data-element_type=\"widget\" data-e-type=\"widget\" data-widget_type=\"icon.default\">\n\t\t\t\t<div class=\"elementor-widget-container\">\n\t\t\t\t\t\t\t<div class=\"elementor-icon-wrapper\">\n\t\t\t<a class=\"elementor-icon\" href=\"http:\/\/instagr.am\/ftsementes\">\n\t\t\t<i aria-hidden=\"true\" class=\"fab fa-instagram\"><\/i>\t\t\t<\/a>\n\t\t<\/div>\n\t\t\t\t\t\t<\/div>\n\t\t\t\t<\/div>\n\t\t\t\t\t<\/div>\n\t\t<\/div>\n\t\t\t\t<div class=\"elementor-column elementor-col-20 elementor-top-column elementor-element elementor-element-5d4ffb92\" data-id=\"5d4ffb92\" data-element_type=\"column\" data-e-type=\"column\">\n\t\t\t<div class=\"elementor-widget-wrap elementor-element-populated\">\n\t\t\t\t\t\t<div class=\"elementor-element elementor-element-652f5beb elementor-view-default elementor-widget elementor-widget-icon\" data-id=\"652f5beb\" data-element_type=\"widget\" data-e-type=\"widget\" data-widget_type=\"icon.default\">\n\t\t\t\t<div class=\"elementor-widget-container\">\n\t\t\t\t\t\t\t<div class=\"elementor-icon-wrapper\">\n\t\t\t<a class=\"elementor-icon\" href=\"https:\/\/fb.me\/FTSementesSoja\">\n\t\t\t<i aria-hidden=\"true\" class=\"fab fa-facebook\"><\/i>\t\t\t<\/a>\n\t\t<\/div>\n\t\t\t\t\t\t<\/div>\n\t\t\t\t<\/div>\n\t\t\t\t\t<\/div>\n\t\t<\/div>\n\t\t\t\t<div class=\"elementor-column elementor-col-20 elementor-top-column elementor-element elementor-element-2d72a59f\" data-id=\"2d72a59f\" data-element_type=\"column\" data-e-type=\"column\">\n\t\t\t<div class=\"elementor-widget-wrap elementor-element-populated\">\n\t\t\t\t\t\t<div class=\"elementor-element elementor-element-1f1adffb elementor-view-default elementor-widget elementor-widget-icon\" data-id=\"1f1adffb\" data-element_type=\"widget\" data-e-type=\"widget\" data-widget_type=\"icon.default\">\n\t\t\t\t<div class=\"elementor-widget-container\">\n\t\t\t\t\t\t\t<div class=\"elementor-icon-wrapper\">\n\t\t\t<a class=\"elementor-icon\" href=\"https:\/\/www.youtube.com\/channel\/UCKWU15CsZC-c99xzSTJ636A\">\n\t\t\t<i aria-hidden=\"true\" class=\"fab fa-youtube\"><\/i>\t\t\t<\/a>\n\t\t<\/div>\n\t\t\t\t\t\t<\/div>\n\t\t\t\t<\/div>\n\t\t\t\t\t<\/div>\n\t\t<\/div>\n\t\t\t\t<div class=\"elementor-column elementor-col-20 elementor-top-column elementor-element elementor-element-708cf0ee\" data-id=\"708cf0ee\" data-element_type=\"column\" data-e-type=\"column\">\n\t\t\t<div class=\"elementor-widget-wrap\">\n\t\t\t\t\t\t\t<\/div>\n\t\t<\/div>\n\t\t\t\t\t<\/div>\n\t\t<\/section>\n\t\t\t\t<\/div>\n\t\t","protected":false},"excerpt":{"rendered":"<p>Os sojicultores do Rio Grande do Sul, tradicionalmente, come\u00e7am a semeadura da soja em meados de outubro. Em algumas regi\u00f5es esse per\u00edodo tem sido antecipado, gra\u00e7as a evolu\u00e7\u00e3o gen\u00e9tica das cultivares de soja&#8230;<\/p>\n","protected":false},"author":1,"featured_media":2737,"comment_status":"closed","ping_status":"closed","sticky":false,"template":"elementor_header_footer","format":"standard","meta":{"footnotes":""},"categories":[7,41],"tags":[35,36,37,11,32],"class_list":["post-2735","post","type-post","status-publish","format-standard","has-post-thumbnail","hentry","category-mercado","category-safra-20-21","tag-ftr4153ipro","tag-rio-grande-do-sul","tag-safra-2021","tag-soja","tag-soja-brasileira"],"yoast_head":"<!-- This site is optimized with the Yoast SEO plugin v27.5 - https:\/\/yoast.com\/product\/yoast-seo-wordpress\/ -->\n<title>FTR 4153 IPRO - abertura da semeadura no RS - FT Sementes<\/title>\n<meta name=\"description\" content=\"Os sojicultores do Rio Grande do Sul, tradicionalmente, come\u00e7am a semeadura da soja em meados de outubro. Em algumas regi\u00f5es esse per\u00edodo tem sido antecipado, gra\u00e7as a evolu\u00e7\u00e3o gen\u00e9tica das cultivares de soja...\" \/>\n<meta name=\"robots\" content=\"index, follow, max-snippet:-1, max-image-preview:large, max-video-preview:-1\" \/>\n<link rel=\"canonical\" href=\"https:\/\/www.ftsementes.com.br\/?p=2735\" \/>\n<meta property=\"og:locale\" content=\"pt_BR\" \/>\n<meta property=\"og:type\" content=\"article\" \/>\n<meta property=\"og:title\" content=\"FTR 4153 IPRO - abertura da semeadura no RS - FT Sementes\" \/>\n<meta property=\"og:description\" content=\"Os sojicultores do Rio Grande do Sul, tradicionalmente, come\u00e7am a semeadura da soja em meados de outubro. Em algumas regi\u00f5es esse per\u00edodo tem sido antecipado, gra\u00e7as a evolu\u00e7\u00e3o gen\u00e9tica das cultivares de soja...\" \/>\n<meta property=\"og:url\" content=\"https:\/\/www.ftsementes.com.br\/?p=2735\" \/>\n<meta property=\"og:site_name\" content=\"FT Sementes\" \/>\n<meta property=\"article:publisher\" content=\"https:\/\/www.facebook.com\/FTSementesSoja\" \/>\n<meta property=\"article:published_time\" content=\"2020-10-20T11:26:54+00:00\" \/>\n<meta property=\"article:modified_time\" content=\"2020-11-05T12:05:30+00:00\" \/>\n<meta property=\"og:image\" content=\"https:\/\/www.ftsementes.com.br\/wp-content\/uploads\/2020\/10\/ab.png\" \/>\n\t<meta property=\"og:image:width\" content=\"960\" \/>\n\t<meta property=\"og:image:height\" content=\"720\" \/>\n\t<meta property=\"og:image:type\" content=\"image\/png\" \/>\n<meta name=\"author\" content=\"ft\" \/>\n<meta name=\"twitter:card\" content=\"summary_large_image\" \/>\n<meta name=\"twitter:label1\" content=\"Escrito por\" \/>\n\t<meta name=\"twitter:data1\" content=\"ft\" \/>\n\t<meta name=\"twitter:label2\" content=\"Est. tempo de leitura\" \/>\n\t<meta name=\"twitter:data2\" content=\"1 minuto\" \/>\n<script type=\"application\/ld+json\" class=\"yoast-schema-graph\">{\"@context\":\"https:\\\/\\\/schema.org\",\"@graph\":[{\"@type\":\"Article\",\"@id\":\"https:\\\/\\\/www.ftsementes.com.br\\\/?p=2735#article\",\"isPartOf\":{\"@id\":\"https:\\\/\\\/www.ftsementes.com.br\\\/?p=2735\"},\"author\":{\"name\":\"ft\",\"@id\":\"https:\\\/\\\/www.ftsementes.com.br\\\/#\\\/schema\\\/person\\\/f1b28ca8eba1fb37f8572583f07029ec\"},\"headline\":\"FTR 4153 IPRO &#8211; abertura da semeadura no RS\",\"datePublished\":\"2020-10-20T11:26:54+00:00\",\"dateModified\":\"2020-11-05T12:05:30+00:00\",\"mainEntityOfPage\":{\"@id\":\"https:\\\/\\\/www.ftsementes.com.br\\\/?p=2735\"},\"wordCount\":202,\"publisher\":{\"@id\":\"https:\\\/\\\/www.ftsementes.com.br\\\/#organization\"},\"image\":{\"@id\":\"https:\\\/\\\/www.ftsementes.com.br\\\/?p=2735#primaryimage\"},\"thumbnailUrl\":\"https:\\\/\\\/www.ftsementes.com.br\\\/wp-content\\\/uploads\\\/2020\\\/10\\\/ab.png\",\"keywords\":[\"FTR4153IPRO\",\"RIO GRANDE DO SUL\",\"SAFRA 2021\",\"Soja\",\"Soja Brasileira\"],\"articleSection\":[\"Mercado\",\"Safra 20\\\/21\"],\"inLanguage\":\"pt-BR\"},{\"@type\":\"WebPage\",\"@id\":\"https:\\\/\\\/www.ftsementes.com.br\\\/?p=2735\",\"url\":\"https:\\\/\\\/www.ftsementes.com.br\\\/?p=2735\",\"name\":\"FTR 4153 IPRO - abertura da semeadura no RS - FT Sementes\",\"isPartOf\":{\"@id\":\"https:\\\/\\\/www.ftsementes.com.br\\\/#website\"},\"primaryImageOfPage\":{\"@id\":\"https:\\\/\\\/www.ftsementes.com.br\\\/?p=2735#primaryimage\"},\"image\":{\"@id\":\"https:\\\/\\\/www.ftsementes.com.br\\\/?p=2735#primaryimage\"},\"thumbnailUrl\":\"https:\\\/\\\/www.ftsementes.com.br\\\/wp-content\\\/uploads\\\/2020\\\/10\\\/ab.png\",\"datePublished\":\"2020-10-20T11:26:54+00:00\",\"dateModified\":\"2020-11-05T12:05:30+00:00\",\"description\":\"Os sojicultores do Rio Grande do Sul, tradicionalmente, come\u00e7am a semeadura da soja em meados de outubro. Em algumas regi\u00f5es esse per\u00edodo tem sido antecipado, gra\u00e7as a evolu\u00e7\u00e3o gen\u00e9tica das cultivares de soja...\",\"breadcrumb\":{\"@id\":\"https:\\\/\\\/www.ftsementes.com.br\\\/?p=2735#breadcrumb\"},\"inLanguage\":\"pt-BR\",\"potentialAction\":[{\"@type\":\"ReadAction\",\"target\":[\"https:\\\/\\\/www.ftsementes.com.br\\\/?p=2735\"]}]},{\"@type\":\"ImageObject\",\"inLanguage\":\"pt-BR\",\"@id\":\"https:\\\/\\\/www.ftsementes.com.br\\\/?p=2735#primaryimage\",\"url\":\"https:\\\/\\\/www.ftsementes.com.br\\\/wp-content\\\/uploads\\\/2020\\\/10\\\/ab.png\",\"contentUrl\":\"https:\\\/\\\/www.ftsementes.com.br\\\/wp-content\\\/uploads\\\/2020\\\/10\\\/ab.png\",\"width\":960,\"height\":720},{\"@type\":\"BreadcrumbList\",\"@id\":\"https:\\\/\\\/www.ftsementes.com.br\\\/?p=2735#breadcrumb\",\"itemListElement\":[{\"@type\":\"ListItem\",\"position\":1,\"name\":\"In\u00edcio\",\"item\":\"https:\\\/\\\/www.ftsementes.com.br\\\/\"},{\"@type\":\"ListItem\",\"position\":2,\"name\":\"FTR 4153 IPRO &#8211; abertura da semeadura no RS\"}]},{\"@type\":\"WebSite\",\"@id\":\"https:\\\/\\\/www.ftsementes.com.br\\\/#website\",\"url\":\"https:\\\/\\\/www.ftsementes.com.br\\\/\",\"name\":\"FT Sementes\",\"description\":\"Gen\u00e9tica de Alta Performance\",\"publisher\":{\"@id\":\"https:\\\/\\\/www.ftsementes.com.br\\\/#organization\"},\"potentialAction\":[{\"@type\":\"SearchAction\",\"target\":{\"@type\":\"EntryPoint\",\"urlTemplate\":\"https:\\\/\\\/www.ftsementes.com.br\\\/?s={search_term_string}\"},\"query-input\":{\"@type\":\"PropertyValueSpecification\",\"valueRequired\":true,\"valueName\":\"search_term_string\"}}],\"inLanguage\":\"pt-BR\"},{\"@type\":\"Organization\",\"@id\":\"https:\\\/\\\/www.ftsementes.com.br\\\/#organization\",\"name\":\"FT SEMENTES\",\"url\":\"https:\\\/\\\/www.ftsementes.com.br\\\/\",\"logo\":{\"@type\":\"ImageObject\",\"inLanguage\":\"pt-BR\",\"@id\":\"https:\\\/\\\/www.ftsementes.com.br\\\/#\\\/schema\\\/logo\\\/image\\\/\",\"url\":\"https:\\\/\\\/www.ftsementes.com.br\\\/wp-content\\\/uploads\\\/2020\\\/05\\\/ft-logo-2.png\",\"contentUrl\":\"https:\\\/\\\/www.ftsementes.com.br\\\/wp-content\\\/uploads\\\/2020\\\/05\\\/ft-logo-2.png\",\"width\":1000,\"height\":242,\"caption\":\"FT SEMENTES\"},\"image\":{\"@id\":\"https:\\\/\\\/www.ftsementes.com.br\\\/#\\\/schema\\\/logo\\\/image\\\/\"},\"sameAs\":[\"https:\\\/\\\/www.facebook.com\\\/FTSementesSoja\",\"https:\\\/\\\/www.instagram.com\\\/ftsementes\\\/\",\"https:\\\/\\\/www.linkedin.com\\\/company\\\/fts-sementes-s-a-\\\/\",\"https:\\\/\\\/www.youtube.com\\\/channel\\\/UCKWU15CsZC-c99xzSTJ636A\"]},{\"@type\":\"Person\",\"@id\":\"https:\\\/\\\/www.ftsementes.com.br\\\/#\\\/schema\\\/person\\\/f1b28ca8eba1fb37f8572583f07029ec\",\"name\":\"ft\",\"sameAs\":[\"http:\\\/\\\/localhost\\\/ftsementes\"]}]}<\/script>\n<!-- \/ Yoast SEO plugin. -->","yoast_head_json":{"title":"FTR 4153 IPRO - abertura da semeadura no RS - FT Sementes","description":"Os sojicultores do Rio Grande do Sul, tradicionalmente, come\u00e7am a semeadura da soja em meados de outubro. Em algumas regi\u00f5es esse per\u00edodo tem sido antecipado, gra\u00e7as a evolu\u00e7\u00e3o gen\u00e9tica das cultivares de soja...","robots":{"index":"index","follow":"follow","max-snippet":"max-snippet:-1","max-image-preview":"max-image-preview:large","max-video-preview":"max-video-preview:-1"},"canonical":"https:\/\/www.ftsementes.com.br\/?p=2735","og_locale":"pt_BR","og_type":"article","og_title":"FTR 4153 IPRO - abertura da semeadura no RS - FT Sementes","og_description":"Os sojicultores do Rio Grande do Sul, tradicionalmente, come\u00e7am a semeadura da soja em meados de outubro. Em algumas regi\u00f5es esse per\u00edodo tem sido antecipado, gra\u00e7as a evolu\u00e7\u00e3o gen\u00e9tica das cultivares de soja...","og_url":"https:\/\/www.ftsementes.com.br\/?p=2735","og_site_name":"FT Sementes","article_publisher":"https:\/\/www.facebook.com\/FTSementesSoja","article_published_time":"2020-10-20T11:26:54+00:00","article_modified_time":"2020-11-05T12:05:30+00:00","og_image":[{"width":960,"height":720,"url":"https:\/\/www.ftsementes.com.br\/wp-content\/uploads\/2020\/10\/ab.png","type":"image\/png"}],"author":"ft","twitter_card":"summary_large_image","twitter_misc":{"Escrito por":"ft","Est. tempo de leitura":"1 minuto"},"schema":{"@context":"https:\/\/schema.org","@graph":[{"@type":"Article","@id":"https:\/\/www.ftsementes.com.br\/?p=2735#article","isPartOf":{"@id":"https:\/\/www.ftsementes.com.br\/?p=2735"},"author":{"name":"ft","@id":"https:\/\/www.ftsementes.com.br\/#\/schema\/person\/f1b28ca8eba1fb37f8572583f07029ec"},"headline":"FTR 4153 IPRO &#8211; abertura da semeadura no RS","datePublished":"2020-10-20T11:26:54+00:00","dateModified":"2020-11-05T12:05:30+00:00","mainEntityOfPage":{"@id":"https:\/\/www.ftsementes.com.br\/?p=2735"},"wordCount":202,"publisher":{"@id":"https:\/\/www.ftsementes.com.br\/#organization"},"image":{"@id":"https:\/\/www.ftsementes.com.br\/?p=2735#primaryimage"},"thumbnailUrl":"https:\/\/www.ftsementes.com.br\/wp-content\/uploads\/2020\/10\/ab.png","keywords":["FTR4153IPRO","RIO GRANDE DO SUL","SAFRA 2021","Soja","Soja Brasileira"],"articleSection":["Mercado","Safra 20\/21"],"inLanguage":"pt-BR"},{"@type":"WebPage","@id":"https:\/\/www.ftsementes.com.br\/?p=2735","url":"https:\/\/www.ftsementes.com.br\/?p=2735","name":"FTR 4153 IPRO - abertura da semeadura no RS - FT Sementes","isPartOf":{"@id":"https:\/\/www.ftsementes.com.br\/#website"},"primaryImageOfPage":{"@id":"https:\/\/www.ftsementes.com.br\/?p=2735#primaryimage"},"image":{"@id":"https:\/\/www.ftsementes.com.br\/?p=2735#primaryimage"},"thumbnailUrl":"https:\/\/www.ftsementes.com.br\/wp-content\/uploads\/2020\/10\/ab.png","datePublished":"2020-10-20T11:26:54+00:00","dateModified":"2020-11-05T12:05:30+00:00","description":"Os sojicultores do Rio Grande do Sul, tradicionalmente, come\u00e7am a semeadura da soja em meados de outubro. Em algumas regi\u00f5es esse per\u00edodo tem sido antecipado, gra\u00e7as a evolu\u00e7\u00e3o gen\u00e9tica das cultivares de soja...","breadcrumb":{"@id":"https:\/\/www.ftsementes.com.br\/?p=2735#breadcrumb"},"inLanguage":"pt-BR","potentialAction":[{"@type":"ReadAction","target":["https:\/\/www.ftsementes.com.br\/?p=2735"]}]},{"@type":"ImageObject","inLanguage":"pt-BR","@id":"https:\/\/www.ftsementes.com.br\/?p=2735#primaryimage","url":"https:\/\/www.ftsementes.com.br\/wp-content\/uploads\/2020\/10\/ab.png","contentUrl":"https:\/\/www.ftsementes.com.br\/wp-content\/uploads\/2020\/10\/ab.png","width":960,"height":720},{"@type":"BreadcrumbList","@id":"https:\/\/www.ftsementes.com.br\/?p=2735#breadcrumb","itemListElement":[{"@type":"ListItem","position":1,"name":"In\u00edcio","item":"https:\/\/www.ftsementes.com.br\/"},{"@type":"ListItem","position":2,"name":"FTR 4153 IPRO &#8211; abertura da semeadura no RS"}]},{"@type":"WebSite","@id":"https:\/\/www.ftsementes.com.br\/#website","url":"https:\/\/www.ftsementes.com.br\/","name":"FT Sementes","description":"Gen\u00e9tica de Alta Performance","publisher":{"@id":"https:\/\/www.ftsementes.com.br\/#organization"},"potentialAction":[{"@type":"SearchAction","target":{"@type":"EntryPoint","urlTemplate":"https:\/\/www.ftsementes.com.br\/?s={search_term_string}"},"query-input":{"@type":"PropertyValueSpecification","valueRequired":true,"valueName":"search_term_string"}}],"inLanguage":"pt-BR"},{"@type":"Organization","@id":"https:\/\/www.ftsementes.com.br\/#organization","name":"FT SEMENTES","url":"https:\/\/www.ftsementes.com.br\/","logo":{"@type":"ImageObject","inLanguage":"pt-BR","@id":"https:\/\/www.ftsementes.com.br\/#\/schema\/logo\/image\/","url":"https:\/\/www.ftsementes.com.br\/wp-content\/uploads\/2020\/05\/ft-logo-2.png","contentUrl":"https:\/\/www.ftsementes.com.br\/wp-content\/uploads\/2020\/05\/ft-logo-2.png","width":1000,"height":242,"caption":"FT SEMENTES"},"image":{"@id":"https:\/\/www.ftsementes.com.br\/#\/schema\/logo\/image\/"},"sameAs":["https:\/\/www.facebook.com\/FTSementesSoja","https:\/\/www.instagram.com\/ftsementes\/","https:\/\/www.linkedin.com\/company\/fts-sementes-s-a-\/","https:\/\/www.youtube.com\/channel\/UCKWU15CsZC-c99xzSTJ636A"]},{"@type":"Person","@id":"https:\/\/www.ftsementes.com.br\/#\/schema\/person\/f1b28ca8eba1fb37f8572583f07029ec","name":"ft","sameAs":["http:\/\/localhost\/ftsementes"]}]}},"_links":{"self":[{"href":"https:\/\/www.ftsementes.com.br\/index.php?rest_route=\/wp\/v2\/posts\/2735","targetHints":{"allow":["GET"]}}],"collection":[{"href":"https:\/\/www.ftsementes.com.br\/index.php?rest_route=\/wp\/v2\/posts"}],"about":[{"href":"https:\/\/www.ftsementes.com.br\/index.php?rest_route=\/wp\/v2\/types\/post"}],"author":[{"embeddable":true,"href":"https:\/\/www.ftsementes.com.br\/index.php?rest_route=\/wp\/v2\/users\/1"}],"replies":[{"embeddable":true,"href":"https:\/\/www.ftsementes.com.br\/index.php?rest_route=%2Fwp%2Fv2%2Fcomments&post=2735"}],"version-history":[{"count":8,"href":"https:\/\/www.ftsementes.com.br\/index.php?rest_route=\/wp\/v2\/posts\/2735\/revisions"}],"predecessor-version":[{"id":2789,"href":"https:\/\/www.ftsementes.com.br\/index.php?rest_route=\/wp\/v2\/posts\/2735\/revisions\/2789"}],"wp:featuredmedia":[{"embeddable":true,"href":"https:\/\/www.ftsementes.com.br\/index.php?rest_route=\/wp\/v2\/media\/2737"}],"wp:attachment":[{"href":"https:\/\/www.ftsementes.com.br\/index.php?rest_route=%2Fwp%2Fv2%2Fmedia&parent=2735"}],"wp:term":[{"taxonomy":"category","embeddable":true,"href":"https:\/\/www.ftsementes.com.br\/index.php?rest_route=%2Fwp%2Fv2%2Fcategories&post=2735"},{"taxonomy":"post_tag","embeddable":true,"href":"https:\/\/www.ftsementes.com.br\/index.php?rest_route=%2Fwp%2Fv2%2Ftags&post=2735"}],"curies":[{"name":"wp","href":"https:\/\/api.w.org\/{rel}","templated":true}]}}