{"id":2802,"date":"2020-11-05T09:42:07","date_gmt":"2020-11-05T11:42:07","guid":{"rendered":"https:\/\/www.ftsementes.com.br\/?p=2802"},"modified":"2020-11-09T11:57:09","modified_gmt":"2020-11-09T13:57:09","slug":"falta-de-chuva-atrasa-a-semeadura-da-soja-no-rio-grande-do-sul","status":"publish","type":"post","link":"https:\/\/www.ftsementes.com.br\/?p=2802","title":{"rendered":"Falta de chuva atrasa a semeadura da soja no Rio Grande do Sul"},"content":{"rendered":"\t\t<div data-elementor-type=\"wp-post\" data-elementor-id=\"2802\" class=\"elementor elementor-2802\">\n\t\t\t\t\t\t<section class=\"elementor-section elementor-top-section elementor-element elementor-element-3cf07a6b elementor-section-boxed elementor-section-height-default elementor-section-height-default\" data-id=\"3cf07a6b\" data-element_type=\"section\" data-e-type=\"section\">\n\t\t\t\t\t\t<div class=\"elementor-container elementor-column-gap-default\">\n\t\t\t\t\t<div class=\"elementor-column elementor-col-25 elementor-top-column elementor-element elementor-element-7811f0f elementor-invisible\" data-id=\"7811f0f\" data-element_type=\"column\" data-e-type=\"column\" data-settings=\"{&quot;animation&quot;:&quot;fadeIn&quot;}\">\n\t\t\t<div class=\"elementor-widget-wrap elementor-element-populated\">\n\t\t\t\t\t\t<div class=\"elementor-element elementor-element-754d9744 elementor-widget elementor-widget-text-editor\" data-id=\"754d9744\" data-element_type=\"widget\" data-e-type=\"widget\" data-widget_type=\"text-editor.default\">\n\t\t\t\t<div class=\"elementor-widget-container\">\n\t\t\t\t\t\t\t\t\t<h2 style=\"text-align: center;\"><a href=\"https:\/\/www.ftsementes.com.br\/?page_id=192\">Novidades<\/a><\/h2>\t\t\t\t\t\t\t\t<\/div>\n\t\t\t\t<\/div>\n\t\t\t\t\t<\/div>\n\t\t<\/div>\n\t\t\t\t<div class=\"elementor-column elementor-col-25 elementor-top-column elementor-element elementor-element-7d046575\" data-id=\"7d046575\" data-element_type=\"column\" data-e-type=\"column\">\n\t\t\t<div class=\"elementor-widget-wrap elementor-element-populated\">\n\t\t\t\t\t\t<div class=\"elementor-element elementor-element-34ef003b elementor-hidden-tablet elementor-hidden-phone elementor-view-default elementor-widget elementor-widget-icon\" data-id=\"34ef003b\" data-element_type=\"widget\" data-e-type=\"widget\" data-widget_type=\"icon.default\">\n\t\t\t\t<div class=\"elementor-widget-container\">\n\t\t\t\t\t\t\t<div class=\"elementor-icon-wrapper\">\n\t\t\t<a class=\"elementor-icon\" href=\"http:\/\/instagr.am\/ftsementes\">\n\t\t\t<i aria-hidden=\"true\" class=\"fab fa-instagram\"><\/i>\t\t\t<\/a>\n\t\t<\/div>\n\t\t\t\t\t\t<\/div>\n\t\t\t\t<\/div>\n\t\t\t\t\t<\/div>\n\t\t<\/div>\n\t\t\t\t<div class=\"elementor-column elementor-col-25 elementor-top-column elementor-element elementor-element-6fbaf9e9\" data-id=\"6fbaf9e9\" data-element_type=\"column\" data-e-type=\"column\">\n\t\t\t<div class=\"elementor-widget-wrap elementor-element-populated\">\n\t\t\t\t\t\t<div class=\"elementor-element elementor-element-4cd6fede elementor-hidden-tablet elementor-hidden-phone elementor-view-default elementor-widget elementor-widget-icon\" data-id=\"4cd6fede\" data-element_type=\"widget\" data-e-type=\"widget\" data-widget_type=\"icon.default\">\n\t\t\t\t<div class=\"elementor-widget-container\">\n\t\t\t\t\t\t\t<div class=\"elementor-icon-wrapper\">\n\t\t\t<a class=\"elementor-icon\" href=\"https:\/\/fb.me\/FTSementesSoja\">\n\t\t\t<i aria-hidden=\"true\" class=\"fab fa-facebook\"><\/i>\t\t\t<\/a>\n\t\t<\/div>\n\t\t\t\t\t\t<\/div>\n\t\t\t\t<\/div>\n\t\t\t\t\t<\/div>\n\t\t<\/div>\n\t\t\t\t<div class=\"elementor-column elementor-col-25 elementor-top-column elementor-element elementor-element-72e0f0d2\" data-id=\"72e0f0d2\" data-element_type=\"column\" data-e-type=\"column\">\n\t\t\t<div class=\"elementor-widget-wrap elementor-element-populated\">\n\t\t\t\t\t\t<div class=\"elementor-element elementor-element-153f13b3 elementor-hidden-tablet elementor-hidden-phone elementor-view-default elementor-widget elementor-widget-icon\" data-id=\"153f13b3\" data-element_type=\"widget\" data-e-type=\"widget\" data-widget_type=\"icon.default\">\n\t\t\t\t<div class=\"elementor-widget-container\">\n\t\t\t\t\t\t\t<div class=\"elementor-icon-wrapper\">\n\t\t\t<a class=\"elementor-icon\" href=\"https:\/\/www.youtube.com\/channel\/UCKWU15CsZC-c99xzSTJ636A\">\n\t\t\t<i aria-hidden=\"true\" class=\"fab fa-youtube\"><\/i>\t\t\t<\/a>\n\t\t<\/div>\n\t\t\t\t\t\t<\/div>\n\t\t\t\t<\/div>\n\t\t\t\t\t<\/div>\n\t\t<\/div>\n\t\t\t\t\t<\/div>\n\t\t<\/section>\n\t\t\t\t<section class=\"elementor-section elementor-top-section elementor-element elementor-element-7e95d08f elementor-section-boxed elementor-section-height-default elementor-section-height-default\" data-id=\"7e95d08f\" data-element_type=\"section\" data-e-type=\"section\">\n\t\t\t\t\t\t<div class=\"elementor-container elementor-column-gap-default\">\n\t\t\t\t\t<div class=\"elementor-column elementor-col-100 elementor-top-column elementor-element elementor-element-2de4920\" data-id=\"2de4920\" data-element_type=\"column\" data-e-type=\"column\">\n\t\t\t<div class=\"elementor-widget-wrap elementor-element-populated\">\n\t\t\t\t\t\t<div class=\"elementor-element elementor-element-4c323ea9 elementor-widget-divider--view-line elementor-widget elementor-widget-divider\" data-id=\"4c323ea9\" data-element_type=\"widget\" data-e-type=\"widget\" data-widget_type=\"divider.default\">\n\t\t\t\t<div class=\"elementor-widget-container\">\n\t\t\t\t\t\t\t<div class=\"elementor-divider\">\n\t\t\t<span class=\"elementor-divider-separator\">\n\t\t\t\t\t\t<\/span>\n\t\t<\/div>\n\t\t\t\t\t\t<\/div>\n\t\t\t\t<\/div>\n\t\t\t\t<div class=\"elementor-element elementor-element-6f18f317 elementor-widget elementor-widget-heading\" data-id=\"6f18f317\" data-element_type=\"widget\" data-e-type=\"widget\" data-widget_type=\"heading.default\">\n\t\t\t\t<div class=\"elementor-widget-container\">\n\t\t\t\t\t<h3 class=\"elementor-heading-title elementor-size-default\">Falta de chuva atrasa a semeadura da soja no Rio Grande do Sul<\/h3>\t\t\t\t<\/div>\n\t\t\t\t<\/div>\n\t\t\t\t\t<\/div>\n\t\t<\/div>\n\t\t\t\t\t<\/div>\n\t\t<\/section>\n\t\t\t\t<section class=\"elementor-section elementor-top-section elementor-element elementor-element-6f0f8943 elementor-section-boxed elementor-section-height-default elementor-section-height-default\" data-id=\"6f0f8943\" data-element_type=\"section\" data-e-type=\"section\">\n\t\t\t\t\t\t<div class=\"elementor-container elementor-column-gap-default\">\n\t\t\t\t\t<div class=\"elementor-column elementor-col-50 elementor-top-column elementor-element elementor-element-439a8540\" data-id=\"439a8540\" data-element_type=\"column\" data-e-type=\"column\">\n\t\t\t<div class=\"elementor-widget-wrap elementor-element-populated\">\n\t\t\t\t\t\t<div class=\"elementor-element elementor-element-358efb13 elementor-widget__width-inherit elementor-widget elementor-widget-text-editor\" data-id=\"358efb13\" data-element_type=\"widget\" data-e-type=\"widget\" data-widget_type=\"text-editor.default\">\n\t\t\t\t<div class=\"elementor-widget-container\">\n\t\t\t\t\t\t\t\t\t<p>A falta de umidade em outubro, m\u00eas que inicia tradicionalmente a semeadura da soja no <strong>Rio Grande do Sul<\/strong>, atrasou o plantio. Na maioria das regi\u00f5es, a chuva s\u00f3 chegou no final do m\u00eas. O diretor da <strong>Strobel Sementes<\/strong>, <strong>Jorge Strobel<\/strong> afirmou que a semeadura na \u00e1rea da sementeira estava prevista para iniciar em 12 de outubro, e por falta de chuva s\u00f3 foi poss\u00edvel come\u00e7ar em 28 de outubro.<\/p>\t\t\t\t\t\t\t\t<\/div>\n\t\t\t\t<\/div>\n\t\t\t\t<section class=\"elementor-section elementor-inner-section elementor-element elementor-element-ddeb9a6 elementor-section-boxed elementor-section-height-default elementor-section-height-default\" data-id=\"ddeb9a6\" data-element_type=\"section\" data-e-type=\"section\">\n\t\t\t\t\t\t<div class=\"elementor-container elementor-column-gap-default\">\n\t\t\t\t\t<div class=\"elementor-column elementor-col-50 elementor-inner-column elementor-element elementor-element-834d4cc\" data-id=\"834d4cc\" data-element_type=\"column\" data-e-type=\"column\">\n\t\t\t<div class=\"elementor-widget-wrap elementor-element-populated\">\n\t\t\t\t\t\t<div class=\"elementor-element elementor-element-71f79a8 elementor-widget elementor-widget-image\" data-id=\"71f79a8\" data-element_type=\"widget\" data-e-type=\"widget\" data-widget_type=\"image.default\">\n\t\t\t\t<div class=\"elementor-widget-container\">\n\t\t\t\t\t\t\t\t\t\t\t\t\t\t\t<img fetchpriority=\"high\" decoding=\"async\" width=\"363\" height=\"363\" src=\"https:\/\/www.ftsementes.com.br\/wp-content\/uploads\/2020\/11\/JorgeStrobel2.png\" class=\"attachment-large size-large wp-image-2819\" alt=\"\" srcset=\"https:\/\/www.ftsementes.com.br\/wp-content\/uploads\/2020\/11\/JorgeStrobel2.png 363w, https:\/\/www.ftsementes.com.br\/wp-content\/uploads\/2020\/11\/JorgeStrobel2-300x300.png 300w, https:\/\/www.ftsementes.com.br\/wp-content\/uploads\/2020\/11\/JorgeStrobel2-150x150.png 150w\" sizes=\"(max-width: 363px) 100vw, 363px\" \/>\t\t\t\t\t\t\t\t\t\t\t\t\t\t\t<\/div>\n\t\t\t\t<\/div>\n\t\t\t\t\t<\/div>\n\t\t<\/div>\n\t\t\t\t<div class=\"elementor-column elementor-col-50 elementor-inner-column elementor-element elementor-element-7616ec9\" data-id=\"7616ec9\" data-element_type=\"column\" data-e-type=\"column\">\n\t\t\t<div class=\"elementor-widget-wrap elementor-element-populated\">\n\t\t\t\t\t\t<div class=\"elementor-element elementor-element-9baaf75 elementor-widget elementor-widget-text-editor\" data-id=\"9baaf75\" data-element_type=\"widget\" data-e-type=\"widget\" data-widget_type=\"text-editor.default\">\n\t\t\t\t<div class=\"elementor-widget-container\">\n\t\t\t\t\t\t\t\t\t<p>Para aproveitar a umidade, os sojicultores est\u00e3o come\u00e7ando o plantio mais cedo, largando as m\u00e1quinas para a lavoura \u00e0s 6h30min. <strong><em>\u201cEstamos largando mais cedo o maquin\u00e1rio para aproveitar a umidade do solo, j\u00e1 que n\u00e3o temos previs\u00e3o de chuva para os pr\u00f3ximos dias\u201d<\/em><\/strong>, afirma <strong>Jorge. <br \/><\/strong><\/p>\t\t\t\t\t\t\t\t<\/div>\n\t\t\t\t<\/div>\n\t\t\t\t\t<\/div>\n\t\t<\/div>\n\t\t\t\t\t<\/div>\n\t\t<\/section>\n\t\t\t\t<div class=\"elementor-element elementor-element-232afc7 elementor-widget__width-inherit elementor-widget elementor-widget-text-editor\" data-id=\"232afc7\" data-element_type=\"widget\" data-e-type=\"widget\" data-widget_type=\"text-editor.default\">\n\t\t\t\t<div class=\"elementor-widget-container\">\n\t\t\t\t\t\t\t\t\t<p>A grande preocupa\u00e7\u00e3o dos sojicultores \u00e9 concluir a semeadura at\u00e9 20 de novembro, data que marca o fim do per\u00edodo indicado pelos pesquisadores como ideal para o plantio da soja em solo ga\u00facho. A expectativa da <strong>Emater\/RS<\/strong> \u00e9 que sejam cultivados <strong>6 milh\u00f5es de hectares<\/strong> de soja no <strong>Rio Grande do Sul<\/strong>, nesta <strong>Safra 2020\/2021<\/strong>.<\/p>\t\t\t\t\t\t\t\t<\/div>\n\t\t\t\t<\/div>\n\t\t\t\t\t<\/div>\n\t\t<\/div>\n\t\t\t\t<div class=\"elementor-column elementor-col-50 elementor-top-column elementor-element elementor-element-3ffa0087\" data-id=\"3ffa0087\" data-element_type=\"column\" data-e-type=\"column\">\n\t\t\t<div class=\"elementor-widget-wrap elementor-element-populated\">\n\t\t\t\t\t\t<div class=\"elementor-element elementor-element-e7863da elementor-widget elementor-widget-image\" data-id=\"e7863da\" data-element_type=\"widget\" data-e-type=\"widget\" data-widget_type=\"image.default\">\n\t\t\t\t<div class=\"elementor-widget-container\">\n\t\t\t\t\t\t\t\t\t\t\t\t\t\t\t<img decoding=\"async\" width=\"540\" height=\"682\" src=\"https:\/\/www.ftsementes.com.br\/wp-content\/uploads\/2020\/11\/strobel002.png\" class=\"attachment-large size-large wp-image-2821\" alt=\"\" srcset=\"https:\/\/www.ftsementes.com.br\/wp-content\/uploads\/2020\/11\/strobel002.png 540w, https:\/\/www.ftsementes.com.br\/wp-content\/uploads\/2020\/11\/strobel002-238x300.png 238w\" sizes=\"(max-width: 540px) 100vw, 540px\" \/>\t\t\t\t\t\t\t\t\t\t\t\t\t\t\t<\/div>\n\t\t\t\t<\/div>\n\t\t\t\t\t<\/div>\n\t\t<\/div>\n\t\t\t\t\t<\/div>\n\t\t<\/section>\n\t\t\t\t<section class=\"elementor-section elementor-top-section elementor-element elementor-element-2f2a8398 elementor-section-boxed elementor-section-height-default elementor-section-height-default\" data-id=\"2f2a8398\" data-element_type=\"section\" data-e-type=\"section\">\n\t\t\t\t\t\t<div class=\"elementor-container elementor-column-gap-default\">\n\t\t\t\t\t<div class=\"elementor-column elementor-col-100 elementor-top-column elementor-element elementor-element-10d04a9b\" data-id=\"10d04a9b\" data-element_type=\"column\" data-e-type=\"column\">\n\t\t\t<div class=\"elementor-widget-wrap elementor-element-populated\">\n\t\t\t\t\t\t<div class=\"elementor-element elementor-element-7415400a elementor-widget elementor-widget-spacer\" data-id=\"7415400a\" data-element_type=\"widget\" data-e-type=\"widget\" data-widget_type=\"spacer.default\">\n\t\t\t\t<div class=\"elementor-widget-container\">\n\t\t\t\t\t\t\t<div class=\"elementor-spacer\">\n\t\t\t<div class=\"elementor-spacer-inner\"><\/div>\n\t\t<\/div>\n\t\t\t\t\t\t<\/div>\n\t\t\t\t<\/div>\n\t\t\t\t\t<\/div>\n\t\t<\/div>\n\t\t\t\t\t<\/div>\n\t\t<\/section>\n\t\t\t\t<section class=\"elementor-section elementor-top-section elementor-element elementor-element-2ffc6e30 elementor-section-boxed elementor-section-height-default elementor-section-height-default\" data-id=\"2ffc6e30\" data-element_type=\"section\" data-e-type=\"section\">\n\t\t\t\t\t\t<div class=\"elementor-container elementor-column-gap-default\">\n\t\t\t\t\t<div class=\"elementor-column elementor-col-20 elementor-top-column elementor-element elementor-element-d4ceb48\" data-id=\"d4ceb48\" data-element_type=\"column\" data-e-type=\"column\">\n\t\t\t<div class=\"elementor-widget-wrap\">\n\t\t\t\t\t\t\t<\/div>\n\t\t<\/div>\n\t\t\t\t<div class=\"elementor-column elementor-col-20 elementor-top-column elementor-element elementor-element-6c635a9e\" data-id=\"6c635a9e\" data-element_type=\"column\" data-e-type=\"column\">\n\t\t\t<div class=\"elementor-widget-wrap elementor-element-populated\">\n\t\t\t\t\t\t<div class=\"elementor-element elementor-element-2ae2ba46 elementor-view-default elementor-widget elementor-widget-icon\" data-id=\"2ae2ba46\" data-element_type=\"widget\" data-e-type=\"widget\" data-widget_type=\"icon.default\">\n\t\t\t\t<div class=\"elementor-widget-container\">\n\t\t\t\t\t\t\t<div class=\"elementor-icon-wrapper\">\n\t\t\t<a class=\"elementor-icon\" href=\"http:\/\/instagr.am\/ftsementes\">\n\t\t\t<i aria-hidden=\"true\" class=\"fab fa-instagram\"><\/i>\t\t\t<\/a>\n\t\t<\/div>\n\t\t\t\t\t\t<\/div>\n\t\t\t\t<\/div>\n\t\t\t\t\t<\/div>\n\t\t<\/div>\n\t\t\t\t<div class=\"elementor-column elementor-col-20 elementor-top-column elementor-element elementor-element-3599e00a\" data-id=\"3599e00a\" data-element_type=\"column\" data-e-type=\"column\">\n\t\t\t<div class=\"elementor-widget-wrap elementor-element-populated\">\n\t\t\t\t\t\t<div class=\"elementor-element elementor-element-3d430cf3 elementor-view-default elementor-widget elementor-widget-icon\" data-id=\"3d430cf3\" data-element_type=\"widget\" data-e-type=\"widget\" data-widget_type=\"icon.default\">\n\t\t\t\t<div class=\"elementor-widget-container\">\n\t\t\t\t\t\t\t<div class=\"elementor-icon-wrapper\">\n\t\t\t<a class=\"elementor-icon\" href=\"https:\/\/fb.me\/FTSementesSoja\">\n\t\t\t<i aria-hidden=\"true\" class=\"fab fa-facebook\"><\/i>\t\t\t<\/a>\n\t\t<\/div>\n\t\t\t\t\t\t<\/div>\n\t\t\t\t<\/div>\n\t\t\t\t\t<\/div>\n\t\t<\/div>\n\t\t\t\t<div class=\"elementor-column elementor-col-20 elementor-top-column elementor-element elementor-element-1cf7f9c2\" data-id=\"1cf7f9c2\" data-element_type=\"column\" data-e-type=\"column\">\n\t\t\t<div class=\"elementor-widget-wrap elementor-element-populated\">\n\t\t\t\t\t\t<div class=\"elementor-element elementor-element-7430ce69 elementor-view-default elementor-widget elementor-widget-icon\" data-id=\"7430ce69\" data-element_type=\"widget\" data-e-type=\"widget\" data-widget_type=\"icon.default\">\n\t\t\t\t<div class=\"elementor-widget-container\">\n\t\t\t\t\t\t\t<div class=\"elementor-icon-wrapper\">\n\t\t\t<a class=\"elementor-icon\" href=\"https:\/\/www.youtube.com\/channel\/UCKWU15CsZC-c99xzSTJ636A\">\n\t\t\t<i aria-hidden=\"true\" class=\"fab fa-youtube\"><\/i>\t\t\t<\/a>\n\t\t<\/div>\n\t\t\t\t\t\t<\/div>\n\t\t\t\t<\/div>\n\t\t\t\t\t<\/div>\n\t\t<\/div>\n\t\t\t\t<div class=\"elementor-column elementor-col-20 elementor-top-column elementor-element elementor-element-6dbf2e96\" data-id=\"6dbf2e96\" data-element_type=\"column\" data-e-type=\"column\">\n\t\t\t<div class=\"elementor-widget-wrap\">\n\t\t\t\t\t\t\t<\/div>\n\t\t<\/div>\n\t\t\t\t\t<\/div>\n\t\t<\/section>\n\t\t\t\t<\/div>\n\t\t","protected":false},"excerpt":{"rendered":"<p>A falta de umidade em outubro, m\u00eas que inicia tradicionalmente a semeadura da soja no Rio Grande do Sul, atrasou o plantio. Na maioria das regi\u00f5es, a chuva s\u00f3 chegou no final do m\u00eas.<\/p>\n","protected":false},"author":1,"featured_media":2821,"comment_status":"closed","ping_status":"closed","sticky":false,"template":"elementor_header_footer","format":"standard","meta":{"footnotes":""},"categories":[42,41],"tags":[43,10,37,34],"class_list":["post-2802","post","type-post","status-publish","format-standard","has-post-thumbnail","hentry","category-clima","category-safra-20-21","tag-clima","tag-ftsementes","tag-safra-2021","tag-strobel-sementes"],"yoast_head":"<!-- This site is optimized with the Yoast SEO plugin v27.5 - https:\/\/yoast.com\/product\/yoast-seo-wordpress\/ -->\n<title>Falta de chuva atrasa a semeadura da soja no Rio Grande do Sul - FT Sementes<\/title>\n<meta name=\"description\" content=\"A falta de umidade em outubro, m\u00eas que inicia tradicionalmente a semeadura da soja no Rio Grande do Sul, atrasou o plantio. Na maioria das regi\u00f5es, a chuva s\u00f3 chegou no final do m\u00eas\" \/>\n<meta name=\"robots\" content=\"index, follow, max-snippet:-1, max-image-preview:large, max-video-preview:-1\" \/>\n<link rel=\"canonical\" href=\"https:\/\/www.ftsementes.com.br\/?p=2802\" \/>\n<meta property=\"og:locale\" content=\"pt_BR\" \/>\n<meta property=\"og:type\" content=\"article\" \/>\n<meta property=\"og:title\" content=\"Falta de chuva atrasa a semeadura da soja no Rio Grande do Sul\" \/>\n<meta property=\"og:description\" content=\"A falta de umidade em outubro, m\u00eas que inicia tradicionalmente a semeadura da soja no Rio Grande do Sul, atrasou o plantio. Na maioria das regi\u00f5es, a chuva s\u00f3 chegou no final do m\u00eas.\" \/>\n<meta property=\"og:url\" content=\"https:\/\/www.ftsementes.com.br\/?p=2802\" \/>\n<meta property=\"og:site_name\" content=\"FT Sementes\" \/>\n<meta property=\"article:publisher\" content=\"https:\/\/www.facebook.com\/FTSementesSoja\" \/>\n<meta property=\"article:published_time\" content=\"2020-11-05T11:42:07+00:00\" \/>\n<meta property=\"article:modified_time\" content=\"2020-11-09T13:57:09+00:00\" \/>\n<meta property=\"og:image\" content=\"https:\/\/www.ftsementes.com.br\/wp-content\/uploads\/2020\/11\/strobel002.png\" \/>\n\t<meta property=\"og:image:width\" content=\"540\" \/>\n\t<meta property=\"og:image:height\" content=\"682\" \/>\n\t<meta property=\"og:image:type\" content=\"image\/png\" \/>\n<meta name=\"author\" content=\"ft\" \/>\n<meta name=\"twitter:card\" content=\"summary_large_image\" \/>\n<meta name=\"twitter:label1\" content=\"Escrito por\" \/>\n\t<meta name=\"twitter:data1\" content=\"ft\" \/>\n\t<meta name=\"twitter:label2\" content=\"Est. tempo de leitura\" \/>\n\t<meta name=\"twitter:data2\" content=\"1 minuto\" \/>\n<script type=\"application\/ld+json\" class=\"yoast-schema-graph\">{\"@context\":\"https:\\\/\\\/schema.org\",\"@graph\":[{\"@type\":\"Article\",\"@id\":\"https:\\\/\\\/www.ftsementes.com.br\\\/?p=2802#article\",\"isPartOf\":{\"@id\":\"https:\\\/\\\/www.ftsementes.com.br\\\/?p=2802\"},\"author\":{\"name\":\"ft\",\"@id\":\"https:\\\/\\\/www.ftsementes.com.br\\\/#\\\/schema\\\/person\\\/f1b28ca8eba1fb37f8572583f07029ec\"},\"headline\":\"Falta de chuva atrasa a semeadura da soja no Rio Grande do Sul\",\"datePublished\":\"2020-11-05T11:42:07+00:00\",\"dateModified\":\"2020-11-09T13:57:09+00:00\",\"mainEntityOfPage\":{\"@id\":\"https:\\\/\\\/www.ftsementes.com.br\\\/?p=2802\"},\"wordCount\":208,\"publisher\":{\"@id\":\"https:\\\/\\\/www.ftsementes.com.br\\\/#organization\"},\"image\":{\"@id\":\"https:\\\/\\\/www.ftsementes.com.br\\\/?p=2802#primaryimage\"},\"thumbnailUrl\":\"https:\\\/\\\/www.ftsementes.com.br\\\/wp-content\\\/uploads\\\/2020\\\/11\\\/strobel002.png\",\"keywords\":[\"CLIMA\",\"FTSementes\",\"SAFRA 2021\",\"STROBEL SEMENTES\"],\"articleSection\":[\"Clima\",\"Safra 20\\\/21\"],\"inLanguage\":\"pt-BR\"},{\"@type\":\"WebPage\",\"@id\":\"https:\\\/\\\/www.ftsementes.com.br\\\/?p=2802\",\"url\":\"https:\\\/\\\/www.ftsementes.com.br\\\/?p=2802\",\"name\":\"Falta de chuva atrasa a semeadura da soja no Rio Grande do Sul - FT Sementes\",\"isPartOf\":{\"@id\":\"https:\\\/\\\/www.ftsementes.com.br\\\/#website\"},\"primaryImageOfPage\":{\"@id\":\"https:\\\/\\\/www.ftsementes.com.br\\\/?p=2802#primaryimage\"},\"image\":{\"@id\":\"https:\\\/\\\/www.ftsementes.com.br\\\/?p=2802#primaryimage\"},\"thumbnailUrl\":\"https:\\\/\\\/www.ftsementes.com.br\\\/wp-content\\\/uploads\\\/2020\\\/11\\\/strobel002.png\",\"datePublished\":\"2020-11-05T11:42:07+00:00\",\"dateModified\":\"2020-11-09T13:57:09+00:00\",\"description\":\"A falta de umidade em outubro, m\u00eas que inicia tradicionalmente a semeadura da soja no Rio Grande do Sul, atrasou o plantio. Na maioria das regi\u00f5es, a chuva s\u00f3 chegou no final do m\u00eas\",\"breadcrumb\":{\"@id\":\"https:\\\/\\\/www.ftsementes.com.br\\\/?p=2802#breadcrumb\"},\"inLanguage\":\"pt-BR\",\"potentialAction\":[{\"@type\":\"ReadAction\",\"target\":[\"https:\\\/\\\/www.ftsementes.com.br\\\/?p=2802\"]}]},{\"@type\":\"ImageObject\",\"inLanguage\":\"pt-BR\",\"@id\":\"https:\\\/\\\/www.ftsementes.com.br\\\/?p=2802#primaryimage\",\"url\":\"https:\\\/\\\/www.ftsementes.com.br\\\/wp-content\\\/uploads\\\/2020\\\/11\\\/strobel002.png\",\"contentUrl\":\"https:\\\/\\\/www.ftsementes.com.br\\\/wp-content\\\/uploads\\\/2020\\\/11\\\/strobel002.png\",\"width\":540,\"height\":682},{\"@type\":\"BreadcrumbList\",\"@id\":\"https:\\\/\\\/www.ftsementes.com.br\\\/?p=2802#breadcrumb\",\"itemListElement\":[{\"@type\":\"ListItem\",\"position\":1,\"name\":\"In\u00edcio\",\"item\":\"https:\\\/\\\/www.ftsementes.com.br\\\/\"},{\"@type\":\"ListItem\",\"position\":2,\"name\":\"Falta de chuva atrasa a semeadura da soja no Rio Grande do Sul\"}]},{\"@type\":\"WebSite\",\"@id\":\"https:\\\/\\\/www.ftsementes.com.br\\\/#website\",\"url\":\"https:\\\/\\\/www.ftsementes.com.br\\\/\",\"name\":\"FT Sementes\",\"description\":\"Gen\u00e9tica de Alta Performance\",\"publisher\":{\"@id\":\"https:\\\/\\\/www.ftsementes.com.br\\\/#organization\"},\"potentialAction\":[{\"@type\":\"SearchAction\",\"target\":{\"@type\":\"EntryPoint\",\"urlTemplate\":\"https:\\\/\\\/www.ftsementes.com.br\\\/?s={search_term_string}\"},\"query-input\":{\"@type\":\"PropertyValueSpecification\",\"valueRequired\":true,\"valueName\":\"search_term_string\"}}],\"inLanguage\":\"pt-BR\"},{\"@type\":\"Organization\",\"@id\":\"https:\\\/\\\/www.ftsementes.com.br\\\/#organization\",\"name\":\"FT SEMENTES\",\"url\":\"https:\\\/\\\/www.ftsementes.com.br\\\/\",\"logo\":{\"@type\":\"ImageObject\",\"inLanguage\":\"pt-BR\",\"@id\":\"https:\\\/\\\/www.ftsementes.com.br\\\/#\\\/schema\\\/logo\\\/image\\\/\",\"url\":\"https:\\\/\\\/www.ftsementes.com.br\\\/wp-content\\\/uploads\\\/2020\\\/05\\\/ft-logo-2.png\",\"contentUrl\":\"https:\\\/\\\/www.ftsementes.com.br\\\/wp-content\\\/uploads\\\/2020\\\/05\\\/ft-logo-2.png\",\"width\":1000,\"height\":242,\"caption\":\"FT SEMENTES\"},\"image\":{\"@id\":\"https:\\\/\\\/www.ftsementes.com.br\\\/#\\\/schema\\\/logo\\\/image\\\/\"},\"sameAs\":[\"https:\\\/\\\/www.facebook.com\\\/FTSementesSoja\",\"https:\\\/\\\/www.instagram.com\\\/ftsementes\\\/\",\"https:\\\/\\\/www.linkedin.com\\\/company\\\/fts-sementes-s-a-\\\/\",\"https:\\\/\\\/www.youtube.com\\\/channel\\\/UCKWU15CsZC-c99xzSTJ636A\"]},{\"@type\":\"Person\",\"@id\":\"https:\\\/\\\/www.ftsementes.com.br\\\/#\\\/schema\\\/person\\\/f1b28ca8eba1fb37f8572583f07029ec\",\"name\":\"ft\",\"sameAs\":[\"http:\\\/\\\/localhost\\\/ftsementes\"]}]}<\/script>\n<!-- \/ Yoast SEO plugin. -->","yoast_head_json":{"title":"Falta de chuva atrasa a semeadura da soja no Rio Grande do Sul - FT Sementes","description":"A falta de umidade em outubro, m\u00eas que inicia tradicionalmente a semeadura da soja no Rio Grande do Sul, atrasou o plantio. Na maioria das regi\u00f5es, a chuva s\u00f3 chegou no final do m\u00eas","robots":{"index":"index","follow":"follow","max-snippet":"max-snippet:-1","max-image-preview":"max-image-preview:large","max-video-preview":"max-video-preview:-1"},"canonical":"https:\/\/www.ftsementes.com.br\/?p=2802","og_locale":"pt_BR","og_type":"article","og_title":"Falta de chuva atrasa a semeadura da soja no Rio Grande do Sul","og_description":"A falta de umidade em outubro, m\u00eas que inicia tradicionalmente a semeadura da soja no Rio Grande do Sul, atrasou o plantio. Na maioria das regi\u00f5es, a chuva s\u00f3 chegou no final do m\u00eas.","og_url":"https:\/\/www.ftsementes.com.br\/?p=2802","og_site_name":"FT Sementes","article_publisher":"https:\/\/www.facebook.com\/FTSementesSoja","article_published_time":"2020-11-05T11:42:07+00:00","article_modified_time":"2020-11-09T13:57:09+00:00","og_image":[{"width":540,"height":682,"url":"https:\/\/www.ftsementes.com.br\/wp-content\/uploads\/2020\/11\/strobel002.png","type":"image\/png"}],"author":"ft","twitter_card":"summary_large_image","twitter_misc":{"Escrito por":"ft","Est. tempo de leitura":"1 minuto"},"schema":{"@context":"https:\/\/schema.org","@graph":[{"@type":"Article","@id":"https:\/\/www.ftsementes.com.br\/?p=2802#article","isPartOf":{"@id":"https:\/\/www.ftsementes.com.br\/?p=2802"},"author":{"name":"ft","@id":"https:\/\/www.ftsementes.com.br\/#\/schema\/person\/f1b28ca8eba1fb37f8572583f07029ec"},"headline":"Falta de chuva atrasa a semeadura da soja no Rio Grande do Sul","datePublished":"2020-11-05T11:42:07+00:00","dateModified":"2020-11-09T13:57:09+00:00","mainEntityOfPage":{"@id":"https:\/\/www.ftsementes.com.br\/?p=2802"},"wordCount":208,"publisher":{"@id":"https:\/\/www.ftsementes.com.br\/#organization"},"image":{"@id":"https:\/\/www.ftsementes.com.br\/?p=2802#primaryimage"},"thumbnailUrl":"https:\/\/www.ftsementes.com.br\/wp-content\/uploads\/2020\/11\/strobel002.png","keywords":["CLIMA","FTSementes","SAFRA 2021","STROBEL SEMENTES"],"articleSection":["Clima","Safra 20\/21"],"inLanguage":"pt-BR"},{"@type":"WebPage","@id":"https:\/\/www.ftsementes.com.br\/?p=2802","url":"https:\/\/www.ftsementes.com.br\/?p=2802","name":"Falta de chuva atrasa a semeadura da soja no Rio Grande do Sul - FT Sementes","isPartOf":{"@id":"https:\/\/www.ftsementes.com.br\/#website"},"primaryImageOfPage":{"@id":"https:\/\/www.ftsementes.com.br\/?p=2802#primaryimage"},"image":{"@id":"https:\/\/www.ftsementes.com.br\/?p=2802#primaryimage"},"thumbnailUrl":"https:\/\/www.ftsementes.com.br\/wp-content\/uploads\/2020\/11\/strobel002.png","datePublished":"2020-11-05T11:42:07+00:00","dateModified":"2020-11-09T13:57:09+00:00","description":"A falta de umidade em outubro, m\u00eas que inicia tradicionalmente a semeadura da soja no Rio Grande do Sul, atrasou o plantio. Na maioria das regi\u00f5es, a chuva s\u00f3 chegou no final do m\u00eas","breadcrumb":{"@id":"https:\/\/www.ftsementes.com.br\/?p=2802#breadcrumb"},"inLanguage":"pt-BR","potentialAction":[{"@type":"ReadAction","target":["https:\/\/www.ftsementes.com.br\/?p=2802"]}]},{"@type":"ImageObject","inLanguage":"pt-BR","@id":"https:\/\/www.ftsementes.com.br\/?p=2802#primaryimage","url":"https:\/\/www.ftsementes.com.br\/wp-content\/uploads\/2020\/11\/strobel002.png","contentUrl":"https:\/\/www.ftsementes.com.br\/wp-content\/uploads\/2020\/11\/strobel002.png","width":540,"height":682},{"@type":"BreadcrumbList","@id":"https:\/\/www.ftsementes.com.br\/?p=2802#breadcrumb","itemListElement":[{"@type":"ListItem","position":1,"name":"In\u00edcio","item":"https:\/\/www.ftsementes.com.br\/"},{"@type":"ListItem","position":2,"name":"Falta de chuva atrasa a semeadura da soja no Rio Grande do Sul"}]},{"@type":"WebSite","@id":"https:\/\/www.ftsementes.com.br\/#website","url":"https:\/\/www.ftsementes.com.br\/","name":"FT Sementes","description":"Gen\u00e9tica de Alta Performance","publisher":{"@id":"https:\/\/www.ftsementes.com.br\/#organization"},"potentialAction":[{"@type":"SearchAction","target":{"@type":"EntryPoint","urlTemplate":"https:\/\/www.ftsementes.com.br\/?s={search_term_string}"},"query-input":{"@type":"PropertyValueSpecification","valueRequired":true,"valueName":"search_term_string"}}],"inLanguage":"pt-BR"},{"@type":"Organization","@id":"https:\/\/www.ftsementes.com.br\/#organization","name":"FT SEMENTES","url":"https:\/\/www.ftsementes.com.br\/","logo":{"@type":"ImageObject","inLanguage":"pt-BR","@id":"https:\/\/www.ftsementes.com.br\/#\/schema\/logo\/image\/","url":"https:\/\/www.ftsementes.com.br\/wp-content\/uploads\/2020\/05\/ft-logo-2.png","contentUrl":"https:\/\/www.ftsementes.com.br\/wp-content\/uploads\/2020\/05\/ft-logo-2.png","width":1000,"height":242,"caption":"FT SEMENTES"},"image":{"@id":"https:\/\/www.ftsementes.com.br\/#\/schema\/logo\/image\/"},"sameAs":["https:\/\/www.facebook.com\/FTSementesSoja","https:\/\/www.instagram.com\/ftsementes\/","https:\/\/www.linkedin.com\/company\/fts-sementes-s-a-\/","https:\/\/www.youtube.com\/channel\/UCKWU15CsZC-c99xzSTJ636A"]},{"@type":"Person","@id":"https:\/\/www.ftsementes.com.br\/#\/schema\/person\/f1b28ca8eba1fb37f8572583f07029ec","name":"ft","sameAs":["http:\/\/localhost\/ftsementes"]}]}},"_links":{"self":[{"href":"https:\/\/www.ftsementes.com.br\/index.php?rest_route=\/wp\/v2\/posts\/2802","targetHints":{"allow":["GET"]}}],"collection":[{"href":"https:\/\/www.ftsementes.com.br\/index.php?rest_route=\/wp\/v2\/posts"}],"about":[{"href":"https:\/\/www.ftsementes.com.br\/index.php?rest_route=\/wp\/v2\/types\/post"}],"author":[{"embeddable":true,"href":"https:\/\/www.ftsementes.com.br\/index.php?rest_route=\/wp\/v2\/users\/1"}],"replies":[{"embeddable":true,"href":"https:\/\/www.ftsementes.com.br\/index.php?rest_route=%2Fwp%2Fv2%2Fcomments&post=2802"}],"version-history":[{"count":9,"href":"https:\/\/www.ftsementes.com.br\/index.php?rest_route=\/wp\/v2\/posts\/2802\/revisions"}],"predecessor-version":[{"id":2838,"href":"https:\/\/www.ftsementes.com.br\/index.php?rest_route=\/wp\/v2\/posts\/2802\/revisions\/2838"}],"wp:featuredmedia":[{"embeddable":true,"href":"https:\/\/www.ftsementes.com.br\/index.php?rest_route=\/wp\/v2\/media\/2821"}],"wp:attachment":[{"href":"https:\/\/www.ftsementes.com.br\/index.php?rest_route=%2Fwp%2Fv2%2Fmedia&parent=2802"}],"wp:term":[{"taxonomy":"category","embeddable":true,"href":"https:\/\/www.ftsementes.com.br\/index.php?rest_route=%2Fwp%2Fv2%2Fcategories&post=2802"},{"taxonomy":"post_tag","embeddable":true,"href":"https:\/\/www.ftsementes.com.br\/index.php?rest_route=%2Fwp%2Fv2%2Ftags&post=2802"}],"curies":[{"name":"wp","href":"https:\/\/api.w.org\/{rel}","templated":true}]}}