{"id":2827,"date":"2020-11-09T09:37:23","date_gmt":"2020-11-09T11:37:23","guid":{"rendered":"https:\/\/www.ftsementes.com.br\/?p=2827"},"modified":"2020-11-09T18:04:37","modified_gmt":"2020-11-09T20:04:37","slug":"soja-e-clima-safra-2021","status":"publish","type":"post","link":"https:\/\/www.ftsementes.com.br\/?p=2827","title":{"rendered":"\u201cSojicultores ter\u00e3o altas produtividades na safra 20\/21\u201d, afirma climatologista"},"content":{"rendered":"\t\t<div data-elementor-type=\"wp-post\" data-elementor-id=\"2827\" class=\"elementor elementor-2827\">\n\t\t\t\t\t\t<section class=\"elementor-section elementor-top-section elementor-element elementor-element-6cc294ac elementor-section-boxed elementor-section-height-default elementor-section-height-default\" data-id=\"6cc294ac\" data-element_type=\"section\" data-e-type=\"section\">\n\t\t\t\t\t\t<div class=\"elementor-container elementor-column-gap-default\">\n\t\t\t\t\t<div class=\"elementor-column elementor-col-25 elementor-top-column elementor-element elementor-element-490064ff elementor-invisible\" data-id=\"490064ff\" data-element_type=\"column\" data-e-type=\"column\" data-settings=\"{&quot;animation&quot;:&quot;fadeIn&quot;}\">\n\t\t\t<div class=\"elementor-widget-wrap elementor-element-populated\">\n\t\t\t\t\t\t<div class=\"elementor-element elementor-element-3c42e776 elementor-widget elementor-widget-text-editor\" data-id=\"3c42e776\" data-element_type=\"widget\" data-e-type=\"widget\" data-widget_type=\"text-editor.default\">\n\t\t\t\t<div class=\"elementor-widget-container\">\n\t\t\t\t\t\t\t\t\t<h2 style=\"text-align: center;\"><a href=\"https:\/\/www.ftsementes.com.br\/?page_id=192\">Novidades<\/a><\/h2>\t\t\t\t\t\t\t\t<\/div>\n\t\t\t\t<\/div>\n\t\t\t\t\t<\/div>\n\t\t<\/div>\n\t\t\t\t<div class=\"elementor-column elementor-col-25 elementor-top-column elementor-element elementor-element-143d1d09\" data-id=\"143d1d09\" data-element_type=\"column\" data-e-type=\"column\">\n\t\t\t<div class=\"elementor-widget-wrap elementor-element-populated\">\n\t\t\t\t\t\t<div class=\"elementor-element elementor-element-c708aac elementor-hidden-tablet elementor-hidden-phone elementor-view-default elementor-widget elementor-widget-icon\" data-id=\"c708aac\" data-element_type=\"widget\" data-e-type=\"widget\" data-widget_type=\"icon.default\">\n\t\t\t\t<div class=\"elementor-widget-container\">\n\t\t\t\t\t\t\t<div class=\"elementor-icon-wrapper\">\n\t\t\t<a class=\"elementor-icon\" href=\"http:\/\/instagr.am\/ftsementes\">\n\t\t\t<i aria-hidden=\"true\" class=\"fab fa-instagram\"><\/i>\t\t\t<\/a>\n\t\t<\/div>\n\t\t\t\t\t\t<\/div>\n\t\t\t\t<\/div>\n\t\t\t\t\t<\/div>\n\t\t<\/div>\n\t\t\t\t<div class=\"elementor-column elementor-col-25 elementor-top-column elementor-element elementor-element-ca928dc\" data-id=\"ca928dc\" data-element_type=\"column\" data-e-type=\"column\">\n\t\t\t<div class=\"elementor-widget-wrap elementor-element-populated\">\n\t\t\t\t\t\t<div class=\"elementor-element elementor-element-7f0028f3 elementor-hidden-tablet elementor-hidden-phone elementor-view-default elementor-widget elementor-widget-icon\" data-id=\"7f0028f3\" data-element_type=\"widget\" data-e-type=\"widget\" data-widget_type=\"icon.default\">\n\t\t\t\t<div class=\"elementor-widget-container\">\n\t\t\t\t\t\t\t<div class=\"elementor-icon-wrapper\">\n\t\t\t<a class=\"elementor-icon\" href=\"https:\/\/fb.me\/FTSementesSoja\">\n\t\t\t<i aria-hidden=\"true\" class=\"fab fa-facebook\"><\/i>\t\t\t<\/a>\n\t\t<\/div>\n\t\t\t\t\t\t<\/div>\n\t\t\t\t<\/div>\n\t\t\t\t\t<\/div>\n\t\t<\/div>\n\t\t\t\t<div class=\"elementor-column elementor-col-25 elementor-top-column elementor-element elementor-element-2cd6c4be\" data-id=\"2cd6c4be\" data-element_type=\"column\" data-e-type=\"column\">\n\t\t\t<div class=\"elementor-widget-wrap elementor-element-populated\">\n\t\t\t\t\t\t<div class=\"elementor-element elementor-element-5e6bdf35 elementor-hidden-tablet elementor-hidden-phone elementor-view-default elementor-widget elementor-widget-icon\" data-id=\"5e6bdf35\" data-element_type=\"widget\" data-e-type=\"widget\" data-widget_type=\"icon.default\">\n\t\t\t\t<div class=\"elementor-widget-container\">\n\t\t\t\t\t\t\t<div class=\"elementor-icon-wrapper\">\n\t\t\t<a class=\"elementor-icon\" href=\"https:\/\/www.youtube.com\/channel\/UCKWU15CsZC-c99xzSTJ636A\">\n\t\t\t<i aria-hidden=\"true\" class=\"fab fa-youtube\"><\/i>\t\t\t<\/a>\n\t\t<\/div>\n\t\t\t\t\t\t<\/div>\n\t\t\t\t<\/div>\n\t\t\t\t\t<\/div>\n\t\t<\/div>\n\t\t\t\t\t<\/div>\n\t\t<\/section>\n\t\t\t\t<section class=\"elementor-section elementor-top-section elementor-element elementor-element-d47924e elementor-section-boxed elementor-section-height-default elementor-section-height-default\" data-id=\"d47924e\" data-element_type=\"section\" data-e-type=\"section\">\n\t\t\t\t\t\t<div class=\"elementor-container elementor-column-gap-default\">\n\t\t\t\t\t<div class=\"elementor-column elementor-col-100 elementor-top-column elementor-element elementor-element-4cf34712\" data-id=\"4cf34712\" data-element_type=\"column\" data-e-type=\"column\">\n\t\t\t<div class=\"elementor-widget-wrap elementor-element-populated\">\n\t\t\t\t\t\t<div class=\"elementor-element elementor-element-2bb40b63 elementor-widget-divider--view-line elementor-widget elementor-widget-divider\" data-id=\"2bb40b63\" data-element_type=\"widget\" data-e-type=\"widget\" data-widget_type=\"divider.default\">\n\t\t\t\t<div class=\"elementor-widget-container\">\n\t\t\t\t\t\t\t<div class=\"elementor-divider\">\n\t\t\t<span class=\"elementor-divider-separator\">\n\t\t\t\t\t\t<\/span>\n\t\t<\/div>\n\t\t\t\t\t\t<\/div>\n\t\t\t\t<\/div>\n\t\t\t\t<div class=\"elementor-element elementor-element-13dc96d0 elementor-widget elementor-widget-heading\" data-id=\"13dc96d0\" data-element_type=\"widget\" data-e-type=\"widget\" data-widget_type=\"heading.default\">\n\t\t\t\t<div class=\"elementor-widget-container\">\n\t\t\t\t\t<h3 class=\"elementor-heading-title elementor-size-default\">Brasil: \u201cSojicultores ter\u00e3o altas produtividades nesta safra\u201d, afirma climatologista<\/h3>\t\t\t\t<\/div>\n\t\t\t\t<\/div>\n\t\t\t\t\t<\/div>\n\t\t<\/div>\n\t\t\t\t\t<\/div>\n\t\t<\/section>\n\t\t\t\t<section class=\"elementor-section elementor-top-section elementor-element elementor-element-7c91c38 elementor-section-boxed elementor-section-height-default elementor-section-height-default\" data-id=\"7c91c38\" data-element_type=\"section\" data-e-type=\"section\">\n\t\t\t\t\t\t<div class=\"elementor-container elementor-column-gap-default\">\n\t\t\t\t\t<div class=\"elementor-column elementor-col-100 elementor-top-column elementor-element elementor-element-984f12c\" data-id=\"984f12c\" data-element_type=\"column\" data-e-type=\"column\">\n\t\t\t<div class=\"elementor-widget-wrap elementor-element-populated\">\n\t\t\t\t\t\t<div class=\"elementor-element elementor-element-c680b69 elementor-widget elementor-widget-heading\" data-id=\"c680b69\" data-element_type=\"widget\" data-e-type=\"widget\" data-widget_type=\"heading.default\">\n\t\t\t\t<div class=\"elementor-widget-container\">\n\t\t\t\t\t<h3 class=\"elementor-heading-title elementor-size-default\">Regularidade das chuvas deve ocorrer a partir da segunda quinzena de novembro<\/h3>\t\t\t\t<\/div>\n\t\t\t\t<\/div>\n\t\t\t\t\t<\/div>\n\t\t<\/div>\n\t\t\t\t\t<\/div>\n\t\t<\/section>\n\t\t\t\t<section class=\"elementor-section elementor-top-section elementor-element elementor-element-be5cc91 elementor-section-boxed elementor-section-height-default elementor-section-height-default\" data-id=\"be5cc91\" data-element_type=\"section\" data-e-type=\"section\">\n\t\t\t\t\t\t<div class=\"elementor-container elementor-column-gap-default\">\n\t\t\t\t\t<div class=\"elementor-column elementor-col-50 elementor-top-column elementor-element elementor-element-f3be926\" data-id=\"f3be926\" data-element_type=\"column\" data-e-type=\"column\">\n\t\t\t<div class=\"elementor-widget-wrap elementor-element-populated\">\n\t\t\t\t\t\t<div class=\"elementor-element elementor-element-6b7b278 elementor-widget__width-inherit elementor-widget elementor-widget-text-editor\" data-id=\"6b7b278\" data-element_type=\"widget\" data-e-type=\"widget\" data-widget_type=\"text-editor.default\">\n\t\t\t\t<div class=\"elementor-widget-container\">\n\t\t\t\t\t\t\t\t\t<p>Todo in\u00edcio de safra \u00e9 grande a expectativa\u00a0 do sojicultor que cuida do solo, escolhe as melhores cultivares, entre outras pr\u00e1ticas para obter uma excelente produ\u00e7\u00e3o.\u00a0 Por\u00e9m, o clima \u00e9 uma grande preocupa\u00e7\u00e3o, em que a umidade adequada \u00e9 determinante para uma boa produ\u00e7\u00e3o de soja.<\/p><p>O <strong>Professor Climatologista e Doutor em Agronomia da Universidade de Rio Verde (UniRV), Gilmar Oliveira Santos<\/strong>,\u00a0 afirma que, de modo geral, os sojicultores ter\u00e3o altas produtividades, isso porque a previs\u00e3o \u00e9 se tenha regularidade das chuvas a partir do m\u00eas de novembro.\u00a0 <em>\u201cNa segunda quinzena do m\u00eas de novembro, espera-se uma melhor regularidade do volume de chuva em toda a regi\u00e3o produtora de soja, com volume dentro da normalidade\u201d<\/em>, afirma Gilmar.<\/p><p>Ele explica que de modo espec\u00edfico, com a influ\u00eancia do <strong><em>La Ni\u00f1a<\/em><\/strong>, a regularidade das chuvas pode levar um tempo, principalmente na regi\u00e3o centro-oeste. \u00a0<em><strong>\u201c<\/strong>A regi\u00e3o sul pode ser mais afetada com o volume de chuva, ficando abaixo da m\u00e9dia. O aumento gradativo da chuva deve ocorrer com a chegada do ver\u00e3o<strong>\u201d<\/strong><\/em>, analisa.<\/p>\t\t\t\t\t\t\t\t<\/div>\n\t\t\t\t<\/div>\n\t\t\t\t\t<\/div>\n\t\t<\/div>\n\t\t\t\t<div class=\"elementor-column elementor-col-50 elementor-top-column elementor-element elementor-element-5da9e54\" data-id=\"5da9e54\" data-element_type=\"column\" data-e-type=\"column\">\n\t\t\t<div class=\"elementor-widget-wrap elementor-element-populated\">\n\t\t\t\t\t\t<div class=\"elementor-element elementor-element-15fd905 elementor-widget__width-inherit elementor-widget elementor-widget-text-editor\" data-id=\"15fd905\" data-element_type=\"widget\" data-e-type=\"widget\" data-widget_type=\"text-editor.default\">\n\t\t\t\t<div class=\"elementor-widget-container\">\n\t\t\t\t\t\t\t\t\t<p>O climatologista explica que com o veranico h\u00e1 um atraso no plantio como por exemplo, no munic\u00edpio de <strong>Rio Verde-GO<\/strong>, o plantio de soja foi liberado desde o dia 25 de setembro, por\u00e9m, a condi\u00e7\u00e3o clim\u00e1tica s\u00f3 favoreceu a semeadura na segunda quinzena do m\u00eas de outubro.<\/p><p>Segundo ele, o volume de chuva registrado at\u00e9 o momento \u00e9 de 100 mm. <em><strong>\u201c<\/strong>O veranico neste in\u00edcio do m\u00eas de novembro, preocupa os produtores que plantio no final do m\u00eas de outubro, principalmente em solo arenoso. A previs\u00e3o \u00e9 de que nos meses de dezembro, janeiro e fevereiro, deve haver chuva dentro da normalidade, com volume total acumulado de aproximadamente 700 mm<strong>\u201d<\/strong><\/em>, afirma Gilmar.<\/p><p>O professor ainda ressalta que em rela\u00e7\u00e3o aos demais elementos meteorol\u00f3gicos, os mesmos ser\u00e3o suficientes para atender a demanda da cultura da soja, em todas as suas fases.<\/p>\t\t\t\t\t\t\t\t<\/div>\n\t\t\t\t<\/div>\n\t\t\t\t<section class=\"elementor-section elementor-inner-section elementor-element elementor-element-dcd0b71 elementor-section-boxed elementor-section-height-default elementor-section-height-default\" data-id=\"dcd0b71\" data-element_type=\"section\" data-e-type=\"section\">\n\t\t\t\t\t\t<div class=\"elementor-container elementor-column-gap-default\">\n\t\t\t\t\t<div class=\"elementor-column elementor-col-50 elementor-inner-column elementor-element elementor-element-90ea11d\" data-id=\"90ea11d\" data-element_type=\"column\" data-e-type=\"column\">\n\t\t\t<div class=\"elementor-widget-wrap elementor-element-populated\">\n\t\t\t\t\t\t<div class=\"elementor-element elementor-element-52cc0a4 elementor-widget elementor-widget-heading\" data-id=\"52cc0a4\" data-element_type=\"widget\" data-e-type=\"widget\" data-widget_type=\"heading.default\">\n\t\t\t\t<div class=\"elementor-widget-container\">\n\t\t\t\t\t<h3 class=\"elementor-heading-title elementor-size-default\">\u201cNa segunda quinzena do m\u00eas de novembro, espera-se uma melhor regularidade do volume de chuva em toda a regi\u00e3o produtora de soja, com volume dentro da normalidade\u201d<\/h3>\t\t\t\t<\/div>\n\t\t\t\t<\/div>\n\t\t\t\t\t<\/div>\n\t\t<\/div>\n\t\t\t\t<div class=\"elementor-column elementor-col-50 elementor-inner-column elementor-element elementor-element-081a15f\" data-id=\"081a15f\" data-element_type=\"column\" data-e-type=\"column\">\n\t\t\t<div class=\"elementor-widget-wrap elementor-element-populated\">\n\t\t\t\t\t\t<div class=\"elementor-element elementor-element-8379a52 elementor-widget elementor-widget-image\" data-id=\"8379a52\" data-element_type=\"widget\" data-e-type=\"widget\" data-widget_type=\"image.default\">\n\t\t\t\t<div class=\"elementor-widget-container\">\n\t\t\t\t\t\t\t\t\t\t\t\t\t\t\t<img decoding=\"async\" src=\"https:\/\/www.ftsementes.com.br\/wp-content\/uploads\/elementor\/thumbs\/gilmar-oy5s9zqlfhbc0vkqus9cd7m2e5jou5u6paykwccpcs.png\" title=\"gilmar\" alt=\"gilmar\" loading=\"lazy\" \/>\t\t\t\t\t\t\t\t\t\t\t\t\t\t\t<\/div>\n\t\t\t\t<\/div>\n\t\t\t\t\t<\/div>\n\t\t<\/div>\n\t\t\t\t\t<\/div>\n\t\t<\/section>\n\t\t\t\t<div class=\"elementor-element elementor-element-ad2e710 elementor-widget__width-inherit elementor-widget elementor-widget-text-editor\" data-id=\"ad2e710\" data-element_type=\"widget\" data-e-type=\"widget\" data-widget_type=\"text-editor.default\">\n\t\t\t\t<div class=\"elementor-widget-container\">\n\t\t\t\t\t\t\t\t\t<h5 style=\"text-align: center;\">Dr. Gilmar Oliveira Santos\u00a0 &#8211; Climatologista e Doutor em Agronomia &#8211; UniRV<\/h5>\t\t\t\t\t\t\t\t<\/div>\n\t\t\t\t<\/div>\n\t\t\t\t\t<\/div>\n\t\t<\/div>\n\t\t\t\t\t<\/div>\n\t\t<\/section>\n\t\t\t\t<section class=\"elementor-section elementor-top-section elementor-element elementor-element-a798262 elementor-section-boxed elementor-section-height-default elementor-section-height-default\" data-id=\"a798262\" data-element_type=\"section\" data-e-type=\"section\">\n\t\t\t\t\t\t<div class=\"elementor-container elementor-column-gap-default\">\n\t\t\t\t\t<div class=\"elementor-column elementor-col-100 elementor-top-column elementor-element elementor-element-dbd7b61\" data-id=\"dbd7b61\" data-element_type=\"column\" data-e-type=\"column\">\n\t\t\t<div class=\"elementor-widget-wrap elementor-element-populated\">\n\t\t\t\t\t\t<div class=\"elementor-element elementor-element-233410c elementor-widget-divider--view-line elementor-widget elementor-widget-divider\" data-id=\"233410c\" data-element_type=\"widget\" data-e-type=\"widget\" data-widget_type=\"divider.default\">\n\t\t\t\t<div class=\"elementor-widget-container\">\n\t\t\t\t\t\t\t<div class=\"elementor-divider\">\n\t\t\t<span class=\"elementor-divider-separator\">\n\t\t\t\t\t\t<\/span>\n\t\t<\/div>\n\t\t\t\t\t\t<\/div>\n\t\t\t\t<\/div>\n\t\t\t\t\t<\/div>\n\t\t<\/div>\n\t\t\t\t\t<\/div>\n\t\t<\/section>\n\t\t\t\t<section class=\"elementor-section elementor-top-section elementor-element elementor-element-21ba257 elementor-section-boxed elementor-section-height-default elementor-section-height-default\" data-id=\"21ba257\" data-element_type=\"section\" data-e-type=\"section\">\n\t\t\t\t\t\t<div class=\"elementor-container elementor-column-gap-default\">\n\t\t\t\t\t<div class=\"elementor-column elementor-col-50 elementor-top-column elementor-element elementor-element-c1aacd8\" data-id=\"c1aacd8\" data-element_type=\"column\" data-e-type=\"column\">\n\t\t\t<div class=\"elementor-widget-wrap elementor-element-populated\">\n\t\t\t\t\t\t<div class=\"elementor-element elementor-element-f246c38 elementor-widget elementor-widget-image\" data-id=\"f246c38\" data-element_type=\"widget\" data-e-type=\"widget\" data-widget_type=\"image.default\">\n\t\t\t\t<div class=\"elementor-widget-container\">\n\t\t\t\t\t\t\t\t\t\t\t\t\t\t\t<img decoding=\"async\" src=\"https:\/\/www.ftsementes.com.br\/wp-content\/uploads\/elementor\/thumbs\/palhada-oy6cqrki228wilu6cvwpbv73g71pbogbr58od3krp4.png\" title=\"palhada\" alt=\"palhada\" loading=\"lazy\" \/>\t\t\t\t\t\t\t\t\t\t\t\t\t\t\t<\/div>\n\t\t\t\t<\/div>\n\t\t\t\t\t<\/div>\n\t\t<\/div>\n\t\t\t\t<div class=\"elementor-column elementor-col-50 elementor-top-column elementor-element elementor-element-2bd1d36\" data-id=\"2bd1d36\" data-element_type=\"column\" data-e-type=\"column\">\n\t\t\t<div class=\"elementor-widget-wrap elementor-element-populated\">\n\t\t\t\t\t\t<div class=\"elementor-element elementor-element-e0c31e6 elementor-widget elementor-widget-heading\" data-id=\"e0c31e6\" data-element_type=\"widget\" data-e-type=\"widget\" data-widget_type=\"heading.default\">\n\t\t\t\t<div class=\"elementor-widget-container\">\n\t\t\t\t\t<h3 class=\"elementor-heading-title elementor-size-default\">Dicas ao sojicultor<\/h3>\t\t\t\t<\/div>\n\t\t\t\t<\/div>\n\t\t\t\t<div class=\"elementor-element elementor-element-9c0dcd9 elementor-widget__width-inherit elementor-widget elementor-widget-text-editor\" data-id=\"9c0dcd9\" data-element_type=\"widget\" data-e-type=\"widget\" data-widget_type=\"text-editor.default\">\n\t\t\t\t<div class=\"elementor-widget-container\">\n\t\t\t\t\t\t\t\t\t<p>O agricultor sofre pela influ\u00eancia da chuva, pelo excesso ou pela falta, assim como altas ou baixas temperaturas, sendo estes elementos clim\u00e1ticos que mais afetam a produtividade de soja.<em> \u201cO uso de sistemas de irriga\u00e7\u00e3o e a conserva\u00e7\u00e3o da palhada a cultura antecessora \u00e9 uma das melhores estrat\u00e9gias de assegurar a disponibilidade de \u00e1gua no solo, reduzir a taxa de evapora\u00e7\u00e3o e reduzir a temperatura do mesmo\u201d<\/em>, finaliza o climatologista.<\/p>\t\t\t\t\t\t\t\t<\/div>\n\t\t\t\t<\/div>\n\t\t\t\t<div class=\"elementor-element elementor-element-7958bc6 elementor-widget__width-inherit elementor-widget elementor-widget-text-editor\" data-id=\"7958bc6\" data-element_type=\"widget\" data-e-type=\"widget\" data-widget_type=\"text-editor.default\">\n\t\t\t\t<div class=\"elementor-widget-container\">\n\t\t\t\t\t\t\t\t\t<h6><strong>Palhada em uma planta\u00e7\u00e3o da cultivar FTR 4153 IPRO &#8211; Palmeira\/PR. 2020 | <\/strong><strong>Foto: Djhonatan Lima<\/strong><\/h6>\t\t\t\t\t\t\t\t<\/div>\n\t\t\t\t<\/div>\n\t\t\t\t\t<\/div>\n\t\t<\/div>\n\t\t\t\t\t<\/div>\n\t\t<\/section>\n\t\t\t\t<section class=\"elementor-section elementor-top-section elementor-element elementor-element-10dc23cd elementor-section-boxed elementor-section-height-default elementor-section-height-default\" data-id=\"10dc23cd\" data-element_type=\"section\" data-e-type=\"section\">\n\t\t\t\t\t\t<div class=\"elementor-container elementor-column-gap-default\">\n\t\t\t\t\t<div class=\"elementor-column elementor-col-100 elementor-top-column elementor-element elementor-element-159ce22c\" data-id=\"159ce22c\" data-element_type=\"column\" data-e-type=\"column\">\n\t\t\t<div class=\"elementor-widget-wrap elementor-element-populated\">\n\t\t\t\t\t\t<div class=\"elementor-element elementor-element-3bb278b7 elementor-widget elementor-widget-spacer\" data-id=\"3bb278b7\" data-element_type=\"widget\" data-e-type=\"widget\" data-widget_type=\"spacer.default\">\n\t\t\t\t<div class=\"elementor-widget-container\">\n\t\t\t\t\t\t\t<div class=\"elementor-spacer\">\n\t\t\t<div class=\"elementor-spacer-inner\"><\/div>\n\t\t<\/div>\n\t\t\t\t\t\t<\/div>\n\t\t\t\t<\/div>\n\t\t\t\t\t<\/div>\n\t\t<\/div>\n\t\t\t\t\t<\/div>\n\t\t<\/section>\n\t\t\t\t<section class=\"elementor-section elementor-top-section elementor-element elementor-element-570b6865 elementor-section-boxed elementor-section-height-default elementor-section-height-default\" data-id=\"570b6865\" data-element_type=\"section\" data-e-type=\"section\">\n\t\t\t\t\t\t<div class=\"elementor-container elementor-column-gap-default\">\n\t\t\t\t\t<div class=\"elementor-column elementor-col-20 elementor-top-column elementor-element elementor-element-3c46aa7c\" data-id=\"3c46aa7c\" data-element_type=\"column\" data-e-type=\"column\">\n\t\t\t<div class=\"elementor-widget-wrap\">\n\t\t\t\t\t\t\t<\/div>\n\t\t<\/div>\n\t\t\t\t<div class=\"elementor-column elementor-col-20 elementor-top-column elementor-element elementor-element-6eaf6731\" data-id=\"6eaf6731\" data-element_type=\"column\" data-e-type=\"column\">\n\t\t\t<div class=\"elementor-widget-wrap elementor-element-populated\">\n\t\t\t\t\t\t<div class=\"elementor-element elementor-element-1f5c75b6 elementor-view-default elementor-widget elementor-widget-icon\" data-id=\"1f5c75b6\" data-element_type=\"widget\" data-e-type=\"widget\" data-widget_type=\"icon.default\">\n\t\t\t\t<div class=\"elementor-widget-container\">\n\t\t\t\t\t\t\t<div class=\"elementor-icon-wrapper\">\n\t\t\t<a class=\"elementor-icon\" href=\"http:\/\/instagr.am\/ftsementes\">\n\t\t\t<i aria-hidden=\"true\" class=\"fab fa-instagram\"><\/i>\t\t\t<\/a>\n\t\t<\/div>\n\t\t\t\t\t\t<\/div>\n\t\t\t\t<\/div>\n\t\t\t\t\t<\/div>\n\t\t<\/div>\n\t\t\t\t<div class=\"elementor-column elementor-col-20 elementor-top-column elementor-element elementor-element-1016cb40\" data-id=\"1016cb40\" data-element_type=\"column\" data-e-type=\"column\">\n\t\t\t<div class=\"elementor-widget-wrap elementor-element-populated\">\n\t\t\t\t\t\t<div class=\"elementor-element elementor-element-5912fff5 elementor-view-default elementor-widget elementor-widget-icon\" data-id=\"5912fff5\" data-element_type=\"widget\" data-e-type=\"widget\" data-widget_type=\"icon.default\">\n\t\t\t\t<div class=\"elementor-widget-container\">\n\t\t\t\t\t\t\t<div class=\"elementor-icon-wrapper\">\n\t\t\t<a class=\"elementor-icon\" href=\"https:\/\/fb.me\/FTSementesSoja\">\n\t\t\t<i aria-hidden=\"true\" class=\"fab fa-facebook\"><\/i>\t\t\t<\/a>\n\t\t<\/div>\n\t\t\t\t\t\t<\/div>\n\t\t\t\t<\/div>\n\t\t\t\t\t<\/div>\n\t\t<\/div>\n\t\t\t\t<div class=\"elementor-column elementor-col-20 elementor-top-column elementor-element elementor-element-2bd96f58\" data-id=\"2bd96f58\" data-element_type=\"column\" data-e-type=\"column\">\n\t\t\t<div class=\"elementor-widget-wrap elementor-element-populated\">\n\t\t\t\t\t\t<div class=\"elementor-element elementor-element-1babf85 elementor-view-default elementor-widget elementor-widget-icon\" data-id=\"1babf85\" data-element_type=\"widget\" data-e-type=\"widget\" data-widget_type=\"icon.default\">\n\t\t\t\t<div class=\"elementor-widget-container\">\n\t\t\t\t\t\t\t<div class=\"elementor-icon-wrapper\">\n\t\t\t<a class=\"elementor-icon\" href=\"https:\/\/www.youtube.com\/channel\/UCKWU15CsZC-c99xzSTJ636A\">\n\t\t\t<i aria-hidden=\"true\" class=\"fab fa-youtube\"><\/i>\t\t\t<\/a>\n\t\t<\/div>\n\t\t\t\t\t\t<\/div>\n\t\t\t\t<\/div>\n\t\t\t\t\t<\/div>\n\t\t<\/div>\n\t\t\t\t<div class=\"elementor-column elementor-col-20 elementor-top-column elementor-element elementor-element-ff230cd\" data-id=\"ff230cd\" data-element_type=\"column\" data-e-type=\"column\">\n\t\t\t<div class=\"elementor-widget-wrap\">\n\t\t\t\t\t\t\t<\/div>\n\t\t<\/div>\n\t\t\t\t\t<\/div>\n\t\t<\/section>\n\t\t\t\t<\/div>\n\t\t","protected":false},"excerpt":{"rendered":"<p>Todo in\u00edcio de safra \u00e9 grande a expectativa  do sojicultor.  Por\u00e9m, o clima \u00e9 uma grande preocupa\u00e7\u00e3o, em que a umidade adequada \u00e9 determinante para uma boa produ\u00e7\u00e3o de soja.<\/p>\n","protected":false},"author":1,"featured_media":2842,"comment_status":"closed","ping_status":"closed","sticky":false,"template":"elementor_header_footer","format":"standard","meta":{"footnotes":""},"categories":[42,41],"tags":[43,10,44,37,11,32],"class_list":["post-2827","post","type-post","status-publish","format-standard","has-post-thumbnail","hentry","category-clima","category-safra-20-21","tag-clima","tag-ftsementes","tag-produtividade","tag-safra-2021","tag-soja","tag-soja-brasileira"],"yoast_head":"<!-- This site is optimized with the Yoast SEO plugin v27.5 - https:\/\/yoast.com\/product\/yoast-seo-wordpress\/ -->\n<title>\u201cSojicultores ter\u00e3o altas produtividades na safra 20\/21\u201d, afirma climatologista - FT Sementes<\/title>\n<meta name=\"description\" content=\"Todo in\u00edcio de safra \u00e9 grande a expectativa\u00a0 do sojicultor que cuida do solo, escolhe as melhores cultivares, entre outras pr\u00e1ticas para obter uma excelente produ\u00e7\u00e3o.\u00a0 Por\u00e9m, o clima \u00e9 uma grande preocupa\u00e7\u00e3o, em que a umidade adequada \u00e9 determinante para uma boa produ\u00e7\u00e3o de soja.\" \/>\n<meta name=\"robots\" content=\"index, follow, max-snippet:-1, max-image-preview:large, max-video-preview:-1\" \/>\n<link rel=\"canonical\" href=\"https:\/\/www.ftsementes.com.br\/?p=2827\" \/>\n<meta property=\"og:locale\" content=\"pt_BR\" \/>\n<meta property=\"og:type\" content=\"article\" \/>\n<meta property=\"og:title\" content=\"\u201cSojicultores ter\u00e3o altas produtividades na safra 20\/21\u201d, afirma climatologista\" \/>\n<meta property=\"og:description\" content=\"Todo in\u00edcio de safra \u00e9 grande a expectativa do sojicultor que cuida do solo, escolhe as melhores cultivares, entre outras pr\u00e1ticas para obter uma excelente produ\u00e7\u00e3o. Por\u00e9m, o clima \u00e9 uma grande preocupa\u00e7\u00e3o, em que a umidade adequada \u00e9 determinante para uma boa produ\u00e7\u00e3o de soja.\" \/>\n<meta property=\"og:url\" content=\"https:\/\/www.ftsementes.com.br\/?p=2827\" \/>\n<meta property=\"og:site_name\" content=\"FT Sementes\" \/>\n<meta property=\"article:publisher\" content=\"https:\/\/www.facebook.com\/FTSementesSoja\" \/>\n<meta property=\"article:published_time\" content=\"2020-11-09T11:37:23+00:00\" \/>\n<meta property=\"article:modified_time\" content=\"2020-11-09T20:04:37+00:00\" \/>\n<meta property=\"og:image\" content=\"https:\/\/www.ftsementes.com.br\/wp-content\/uploads\/2020\/11\/palhada.png\" \/>\n\t<meta property=\"og:image:width\" content=\"600\" \/>\n\t<meta property=\"og:image:height\" content=\"450\" \/>\n\t<meta property=\"og:image:type\" content=\"image\/png\" \/>\n<meta name=\"author\" content=\"ft\" \/>\n<meta name=\"twitter:card\" content=\"summary_large_image\" \/>\n<meta name=\"twitter:label1\" content=\"Escrito por\" \/>\n\t<meta name=\"twitter:data1\" content=\"ft\" \/>\n\t<meta name=\"twitter:label2\" content=\"Est. tempo de leitura\" \/>\n\t<meta name=\"twitter:data2\" content=\"2 minutos\" \/>\n<script type=\"application\/ld+json\" class=\"yoast-schema-graph\">{\"@context\":\"https:\\\/\\\/schema.org\",\"@graph\":[{\"@type\":\"Article\",\"@id\":\"https:\\\/\\\/www.ftsementes.com.br\\\/?p=2827#article\",\"isPartOf\":{\"@id\":\"https:\\\/\\\/www.ftsementes.com.br\\\/?p=2827\"},\"author\":{\"name\":\"ft\",\"@id\":\"https:\\\/\\\/www.ftsementes.com.br\\\/#\\\/schema\\\/person\\\/f1b28ca8eba1fb37f8572583f07029ec\"},\"headline\":\"\u201cSojicultores ter\u00e3o altas produtividades na safra 20\\\/21\u201d, afirma climatologista\",\"datePublished\":\"2020-11-09T11:37:23+00:00\",\"dateModified\":\"2020-11-09T20:04:37+00:00\",\"mainEntityOfPage\":{\"@id\":\"https:\\\/\\\/www.ftsementes.com.br\\\/?p=2827\"},\"wordCount\":488,\"publisher\":{\"@id\":\"https:\\\/\\\/www.ftsementes.com.br\\\/#organization\"},\"image\":{\"@id\":\"https:\\\/\\\/www.ftsementes.com.br\\\/?p=2827#primaryimage\"},\"thumbnailUrl\":\"https:\\\/\\\/www.ftsementes.com.br\\\/wp-content\\\/uploads\\\/2020\\\/11\\\/palhada.png\",\"keywords\":[\"CLIMA\",\"FTSementes\",\"Produtividade\",\"SAFRA 2021\",\"Soja\",\"Soja Brasileira\"],\"articleSection\":[\"Clima\",\"Safra 20\\\/21\"],\"inLanguage\":\"pt-BR\"},{\"@type\":\"WebPage\",\"@id\":\"https:\\\/\\\/www.ftsementes.com.br\\\/?p=2827\",\"url\":\"https:\\\/\\\/www.ftsementes.com.br\\\/?p=2827\",\"name\":\"\u201cSojicultores ter\u00e3o altas produtividades na safra 20\\\/21\u201d, afirma climatologista - FT Sementes\",\"isPartOf\":{\"@id\":\"https:\\\/\\\/www.ftsementes.com.br\\\/#website\"},\"primaryImageOfPage\":{\"@id\":\"https:\\\/\\\/www.ftsementes.com.br\\\/?p=2827#primaryimage\"},\"image\":{\"@id\":\"https:\\\/\\\/www.ftsementes.com.br\\\/?p=2827#primaryimage\"},\"thumbnailUrl\":\"https:\\\/\\\/www.ftsementes.com.br\\\/wp-content\\\/uploads\\\/2020\\\/11\\\/palhada.png\",\"datePublished\":\"2020-11-09T11:37:23+00:00\",\"dateModified\":\"2020-11-09T20:04:37+00:00\",\"description\":\"Todo in\u00edcio de safra \u00e9 grande a expectativa\u00a0 do sojicultor que cuida do solo, escolhe as melhores cultivares, entre outras pr\u00e1ticas para obter uma excelente produ\u00e7\u00e3o.\u00a0 Por\u00e9m, o clima \u00e9 uma grande preocupa\u00e7\u00e3o, em que a umidade adequada \u00e9 determinante para uma boa produ\u00e7\u00e3o de soja.\",\"breadcrumb\":{\"@id\":\"https:\\\/\\\/www.ftsementes.com.br\\\/?p=2827#breadcrumb\"},\"inLanguage\":\"pt-BR\",\"potentialAction\":[{\"@type\":\"ReadAction\",\"target\":[\"https:\\\/\\\/www.ftsementes.com.br\\\/?p=2827\"]}]},{\"@type\":\"ImageObject\",\"inLanguage\":\"pt-BR\",\"@id\":\"https:\\\/\\\/www.ftsementes.com.br\\\/?p=2827#primaryimage\",\"url\":\"https:\\\/\\\/www.ftsementes.com.br\\\/wp-content\\\/uploads\\\/2020\\\/11\\\/palhada.png\",\"contentUrl\":\"https:\\\/\\\/www.ftsementes.com.br\\\/wp-content\\\/uploads\\\/2020\\\/11\\\/palhada.png\",\"width\":600,\"height\":450},{\"@type\":\"BreadcrumbList\",\"@id\":\"https:\\\/\\\/www.ftsementes.com.br\\\/?p=2827#breadcrumb\",\"itemListElement\":[{\"@type\":\"ListItem\",\"position\":1,\"name\":\"In\u00edcio\",\"item\":\"https:\\\/\\\/www.ftsementes.com.br\\\/\"},{\"@type\":\"ListItem\",\"position\":2,\"name\":\"\u201cSojicultores ter\u00e3o altas produtividades na safra 20\\\/21\u201d, afirma climatologista\"}]},{\"@type\":\"WebSite\",\"@id\":\"https:\\\/\\\/www.ftsementes.com.br\\\/#website\",\"url\":\"https:\\\/\\\/www.ftsementes.com.br\\\/\",\"name\":\"FT Sementes\",\"description\":\"Gen\u00e9tica de Alta Performance\",\"publisher\":{\"@id\":\"https:\\\/\\\/www.ftsementes.com.br\\\/#organization\"},\"potentialAction\":[{\"@type\":\"SearchAction\",\"target\":{\"@type\":\"EntryPoint\",\"urlTemplate\":\"https:\\\/\\\/www.ftsementes.com.br\\\/?s={search_term_string}\"},\"query-input\":{\"@type\":\"PropertyValueSpecification\",\"valueRequired\":true,\"valueName\":\"search_term_string\"}}],\"inLanguage\":\"pt-BR\"},{\"@type\":\"Organization\",\"@id\":\"https:\\\/\\\/www.ftsementes.com.br\\\/#organization\",\"name\":\"FT SEMENTES\",\"url\":\"https:\\\/\\\/www.ftsementes.com.br\\\/\",\"logo\":{\"@type\":\"ImageObject\",\"inLanguage\":\"pt-BR\",\"@id\":\"https:\\\/\\\/www.ftsementes.com.br\\\/#\\\/schema\\\/logo\\\/image\\\/\",\"url\":\"https:\\\/\\\/www.ftsementes.com.br\\\/wp-content\\\/uploads\\\/2020\\\/05\\\/ft-logo-2.png\",\"contentUrl\":\"https:\\\/\\\/www.ftsementes.com.br\\\/wp-content\\\/uploads\\\/2020\\\/05\\\/ft-logo-2.png\",\"width\":1000,\"height\":242,\"caption\":\"FT SEMENTES\"},\"image\":{\"@id\":\"https:\\\/\\\/www.ftsementes.com.br\\\/#\\\/schema\\\/logo\\\/image\\\/\"},\"sameAs\":[\"https:\\\/\\\/www.facebook.com\\\/FTSementesSoja\",\"https:\\\/\\\/www.instagram.com\\\/ftsementes\\\/\",\"https:\\\/\\\/www.linkedin.com\\\/company\\\/fts-sementes-s-a-\\\/\",\"https:\\\/\\\/www.youtube.com\\\/channel\\\/UCKWU15CsZC-c99xzSTJ636A\"]},{\"@type\":\"Person\",\"@id\":\"https:\\\/\\\/www.ftsementes.com.br\\\/#\\\/schema\\\/person\\\/f1b28ca8eba1fb37f8572583f07029ec\",\"name\":\"ft\",\"sameAs\":[\"http:\\\/\\\/localhost\\\/ftsementes\"]}]}<\/script>\n<!-- \/ Yoast SEO plugin. -->","yoast_head_json":{"title":"\u201cSojicultores ter\u00e3o altas produtividades na safra 20\/21\u201d, afirma climatologista - FT Sementes","description":"Todo in\u00edcio de safra \u00e9 grande a expectativa\u00a0 do sojicultor que cuida do solo, escolhe as melhores cultivares, entre outras pr\u00e1ticas para obter uma excelente produ\u00e7\u00e3o.\u00a0 Por\u00e9m, o clima \u00e9 uma grande preocupa\u00e7\u00e3o, em que a umidade adequada \u00e9 determinante para uma boa produ\u00e7\u00e3o de soja.","robots":{"index":"index","follow":"follow","max-snippet":"max-snippet:-1","max-image-preview":"max-image-preview:large","max-video-preview":"max-video-preview:-1"},"canonical":"https:\/\/www.ftsementes.com.br\/?p=2827","og_locale":"pt_BR","og_type":"article","og_title":"\u201cSojicultores ter\u00e3o altas produtividades na safra 20\/21\u201d, afirma climatologista","og_description":"Todo in\u00edcio de safra \u00e9 grande a expectativa do sojicultor que cuida do solo, escolhe as melhores cultivares, entre outras pr\u00e1ticas para obter uma excelente produ\u00e7\u00e3o. Por\u00e9m, o clima \u00e9 uma grande preocupa\u00e7\u00e3o, em que a umidade adequada \u00e9 determinante para uma boa produ\u00e7\u00e3o de soja.","og_url":"https:\/\/www.ftsementes.com.br\/?p=2827","og_site_name":"FT Sementes","article_publisher":"https:\/\/www.facebook.com\/FTSementesSoja","article_published_time":"2020-11-09T11:37:23+00:00","article_modified_time":"2020-11-09T20:04:37+00:00","og_image":[{"width":600,"height":450,"url":"https:\/\/www.ftsementes.com.br\/wp-content\/uploads\/2020\/11\/palhada.png","type":"image\/png"}],"author":"ft","twitter_card":"summary_large_image","twitter_misc":{"Escrito por":"ft","Est. tempo de leitura":"2 minutos"},"schema":{"@context":"https:\/\/schema.org","@graph":[{"@type":"Article","@id":"https:\/\/www.ftsementes.com.br\/?p=2827#article","isPartOf":{"@id":"https:\/\/www.ftsementes.com.br\/?p=2827"},"author":{"name":"ft","@id":"https:\/\/www.ftsementes.com.br\/#\/schema\/person\/f1b28ca8eba1fb37f8572583f07029ec"},"headline":"\u201cSojicultores ter\u00e3o altas produtividades na safra 20\/21\u201d, afirma climatologista","datePublished":"2020-11-09T11:37:23+00:00","dateModified":"2020-11-09T20:04:37+00:00","mainEntityOfPage":{"@id":"https:\/\/www.ftsementes.com.br\/?p=2827"},"wordCount":488,"publisher":{"@id":"https:\/\/www.ftsementes.com.br\/#organization"},"image":{"@id":"https:\/\/www.ftsementes.com.br\/?p=2827#primaryimage"},"thumbnailUrl":"https:\/\/www.ftsementes.com.br\/wp-content\/uploads\/2020\/11\/palhada.png","keywords":["CLIMA","FTSementes","Produtividade","SAFRA 2021","Soja","Soja Brasileira"],"articleSection":["Clima","Safra 20\/21"],"inLanguage":"pt-BR"},{"@type":"WebPage","@id":"https:\/\/www.ftsementes.com.br\/?p=2827","url":"https:\/\/www.ftsementes.com.br\/?p=2827","name":"\u201cSojicultores ter\u00e3o altas produtividades na safra 20\/21\u201d, afirma climatologista - FT Sementes","isPartOf":{"@id":"https:\/\/www.ftsementes.com.br\/#website"},"primaryImageOfPage":{"@id":"https:\/\/www.ftsementes.com.br\/?p=2827#primaryimage"},"image":{"@id":"https:\/\/www.ftsementes.com.br\/?p=2827#primaryimage"},"thumbnailUrl":"https:\/\/www.ftsementes.com.br\/wp-content\/uploads\/2020\/11\/palhada.png","datePublished":"2020-11-09T11:37:23+00:00","dateModified":"2020-11-09T20:04:37+00:00","description":"Todo in\u00edcio de safra \u00e9 grande a expectativa\u00a0 do sojicultor que cuida do solo, escolhe as melhores cultivares, entre outras pr\u00e1ticas para obter uma excelente produ\u00e7\u00e3o.\u00a0 Por\u00e9m, o clima \u00e9 uma grande preocupa\u00e7\u00e3o, em que a umidade adequada \u00e9 determinante para uma boa produ\u00e7\u00e3o de soja.","breadcrumb":{"@id":"https:\/\/www.ftsementes.com.br\/?p=2827#breadcrumb"},"inLanguage":"pt-BR","potentialAction":[{"@type":"ReadAction","target":["https:\/\/www.ftsementes.com.br\/?p=2827"]}]},{"@type":"ImageObject","inLanguage":"pt-BR","@id":"https:\/\/www.ftsementes.com.br\/?p=2827#primaryimage","url":"https:\/\/www.ftsementes.com.br\/wp-content\/uploads\/2020\/11\/palhada.png","contentUrl":"https:\/\/www.ftsementes.com.br\/wp-content\/uploads\/2020\/11\/palhada.png","width":600,"height":450},{"@type":"BreadcrumbList","@id":"https:\/\/www.ftsementes.com.br\/?p=2827#breadcrumb","itemListElement":[{"@type":"ListItem","position":1,"name":"In\u00edcio","item":"https:\/\/www.ftsementes.com.br\/"},{"@type":"ListItem","position":2,"name":"\u201cSojicultores ter\u00e3o altas produtividades na safra 20\/21\u201d, afirma climatologista"}]},{"@type":"WebSite","@id":"https:\/\/www.ftsementes.com.br\/#website","url":"https:\/\/www.ftsementes.com.br\/","name":"FT Sementes","description":"Gen\u00e9tica de Alta Performance","publisher":{"@id":"https:\/\/www.ftsementes.com.br\/#organization"},"potentialAction":[{"@type":"SearchAction","target":{"@type":"EntryPoint","urlTemplate":"https:\/\/www.ftsementes.com.br\/?s={search_term_string}"},"query-input":{"@type":"PropertyValueSpecification","valueRequired":true,"valueName":"search_term_string"}}],"inLanguage":"pt-BR"},{"@type":"Organization","@id":"https:\/\/www.ftsementes.com.br\/#organization","name":"FT SEMENTES","url":"https:\/\/www.ftsementes.com.br\/","logo":{"@type":"ImageObject","inLanguage":"pt-BR","@id":"https:\/\/www.ftsementes.com.br\/#\/schema\/logo\/image\/","url":"https:\/\/www.ftsementes.com.br\/wp-content\/uploads\/2020\/05\/ft-logo-2.png","contentUrl":"https:\/\/www.ftsementes.com.br\/wp-content\/uploads\/2020\/05\/ft-logo-2.png","width":1000,"height":242,"caption":"FT SEMENTES"},"image":{"@id":"https:\/\/www.ftsementes.com.br\/#\/schema\/logo\/image\/"},"sameAs":["https:\/\/www.facebook.com\/FTSementesSoja","https:\/\/www.instagram.com\/ftsementes\/","https:\/\/www.linkedin.com\/company\/fts-sementes-s-a-\/","https:\/\/www.youtube.com\/channel\/UCKWU15CsZC-c99xzSTJ636A"]},{"@type":"Person","@id":"https:\/\/www.ftsementes.com.br\/#\/schema\/person\/f1b28ca8eba1fb37f8572583f07029ec","name":"ft","sameAs":["http:\/\/localhost\/ftsementes"]}]}},"_links":{"self":[{"href":"https:\/\/www.ftsementes.com.br\/index.php?rest_route=\/wp\/v2\/posts\/2827","targetHints":{"allow":["GET"]}}],"collection":[{"href":"https:\/\/www.ftsementes.com.br\/index.php?rest_route=\/wp\/v2\/posts"}],"about":[{"href":"https:\/\/www.ftsementes.com.br\/index.php?rest_route=\/wp\/v2\/types\/post"}],"author":[{"embeddable":true,"href":"https:\/\/www.ftsementes.com.br\/index.php?rest_route=\/wp\/v2\/users\/1"}],"replies":[{"embeddable":true,"href":"https:\/\/www.ftsementes.com.br\/index.php?rest_route=%2Fwp%2Fv2%2Fcomments&post=2827"}],"version-history":[{"count":15,"href":"https:\/\/www.ftsementes.com.br\/index.php?rest_route=\/wp\/v2\/posts\/2827\/revisions"}],"predecessor-version":[{"id":2849,"href":"https:\/\/www.ftsementes.com.br\/index.php?rest_route=\/wp\/v2\/posts\/2827\/revisions\/2849"}],"wp:featuredmedia":[{"embeddable":true,"href":"https:\/\/www.ftsementes.com.br\/index.php?rest_route=\/wp\/v2\/media\/2842"}],"wp:attachment":[{"href":"https:\/\/www.ftsementes.com.br\/index.php?rest_route=%2Fwp%2Fv2%2Fmedia&parent=2827"}],"wp:term":[{"taxonomy":"category","embeddable":true,"href":"https:\/\/www.ftsementes.com.br\/index.php?rest_route=%2Fwp%2Fv2%2Fcategories&post=2827"},{"taxonomy":"post_tag","embeddable":true,"href":"https:\/\/www.ftsementes.com.br\/index.php?rest_route=%2Fwp%2Fv2%2Ftags&post=2827"}],"curies":[{"name":"wp","href":"https:\/\/api.w.org\/{rel}","templated":true}]}}